{"id":2310,"date":"2016-05-03T10:24:56","date_gmt":"2016-05-03T10:24:56","guid":{"rendered":"http:\/\/maschinenethik.net\/?p=2310"},"modified":"2016-05-04T08:25:12","modified_gmt":"2016-05-04T08:25:12","slug":"maschinenethik-im-kassensaal","status":"publish","type":"post","link":"https:\/\/www.maschinenethik.net\/?p=2310","title":{"rendered":"Maschinenethik im Kassensaal"},"content":{"rendered":"<p>Am 2. Mai 2016 fand in Wien eine \u00f6ffentliche Sitzung der \u00f6sterreichischen Bioethikkommission zum Thema &#8222;Von Mensch und Maschine: Roboter in der Pflege&#8220; statt. Wegen des gro\u00dfen Andrangs war sie in den Kassensaal, wo fr\u00fcher Geldgesch\u00e4fte get\u00e4tigt wurden, verlegt worden, einen pr\u00e4chtigen Saal der Bundesregierung. Zun\u00e4chst trafen sich die Referenten zu einem Hintergrundgespr\u00e4ch mit Pressevertretern im Bundeskanzleramt am Minoritenplatz. Nach einem Mittagessen im Caf\u00e9 Landtmann ging man in den Kassensaal hin\u00fcber. Die Vorsitzende der Bioethikkommission, Christiane Druml, er\u00f6ffnete die Veranstaltung. Oliver Bendel von der Hochschule f\u00fcr Wirtschaft FHNW referierte zu Maschinen- und Informationsethik und zu ethischen Fragen des Einsatzes von Pflegerobotern. Er ist der Meinung, dass diese die pers\u00f6nliche Autonomie von Patienten verbessern, aber auch deren informationelle Autonomie verletzen k\u00f6nnen. Mark Coeckelbergh, inzwischen an der Universit\u00e4t Wien t\u00e4tig, fragte nach den Anforderungen in der Pflege und wie Pflegeroboter, auch aus Sicht der Maschinenethik, dazu passen, und Michael Decker vom KIT in Karlsruhe pr\u00e4sentierte ein aktuelles Projekt in diesem Bereich. Grunds\u00e4tzliche Technologiekritik \u00fcbte Jutta Weber von der Universit\u00e4t Paderborn. Markus Wohlmannstetter von der Krankenanstalt Rudolfstiftung nahm die Perspektive der Pflegerinnen und Pfleger ein. Ina Wagner, Mitglied der Bioethikkommission, fasste die Ergebnisse zusammen. Im Anschluss stellten Mitglieder der Kommission und der \u00d6ffentlichkeit eine Stunde lang ihre Fragen, wobei nicht nur teilautonome Pflege-, sondern auch autonome Kampfroboter thematisiert wurden, deren Einsatz ein \u00e4lterer \u00d6sterreicher forderte, w\u00e4hrend Oliver Bendel sich dagegen aussprach, obwohl sie, wie er erkl\u00e4rte, nicht pl\u00fcndern, brandschatzen oder vergewaltigen, also auch gewisse Vorteile h\u00e4tten. Am Ende wurden die Referenten, die der Alpenrepublik ihre Erkenntnisse honorarfrei \u00fcbermittelt hatten, mit einem kr\u00e4ftigen Applaus verabschiedet. Weitere Informationen und Fotos \u00fcber <a href=\"http:\/\/www.ots.at\/presseaussendung\/OTS_20160503_OTS0014\/bioethikkommission-diskutiert-den-einsatz-von-robotern-im-pflegebereich\" target=\"_blank\">www.ots.at\/presseaussendung\/OTS_20160503_OTS0014\/bioethikkommission-diskutiert-den-einsatz-von-robotern-im-pflegebereich<\/a> &#8230;<\/p>\n<p>&nbsp;<\/p>\n","protected":false},"excerpt":{"rendered":"<p>Am 2. Mai 2016 fand in Wien eine \u00f6ffentliche Sitzung der \u00f6sterreichischen Bioethikkommission zum Thema &#8222;Von Mensch und Maschine: Roboter in der Pflege&#8220; statt. Wegen des gro\u00dfen Andrangs war sie in den Kassensaal, wo fr\u00fcher Geldgesch\u00e4fte get\u00e4tigt wurden, verlegt worden, einen pr\u00e4chtigen Saal der Bundesregierung. Zun\u00e4chst trafen sich die Referenten zu einem Hintergrundgespr\u00e4ch mit Pressevertretern &hellip; <\/p>\n<p class=\"link-more\"><a href=\"https:\/\/www.maschinenethik.net\/?p=2310\" class=\"more-link\"><span class=\"screen-reader-text\">\u201eMaschinenethik im Kassensaal\u201c <\/span>weiterlesen<\/a><\/p>\n","protected":false},"author":3,"featured_media":0,"comment_status":"closed","ping_status":"open","sticky":false,"template":"","format":"standard","meta":{"footnotes":""},"categories":[4,281],"tags":[429,302,105,301,19,354,49,57],"class_list":["post-2310","post","type-post","status-publish","format-standard","hentry","category-maschinenethik","category-medizinethik","tag-bioethikkommission","tag-informationsethik","tag-kampfroboter","tag-maschinenethik","tag-medizinethik","tag-pflege","tag-pflegeroboter","tag-wien"],"yoast_head":"<!-- This site is optimized with the Yoast SEO plugin v27.4 - https:\/\/yoast.com\/product\/yoast-seo-wordpress\/ -->\n<title>Maschinenethik im Kassensaal - maschinenethik.net<\/title>\n<meta name=\"robots\" content=\"index, follow, max-snippet:-1, max-image-preview:large, max-video-preview:-1\" \/>\n<link rel=\"canonical\" href=\"https:\/\/www.maschinenethik.net\/?p=2310\" \/>\n<meta property=\"og:locale\" content=\"de_DE\" \/>\n<meta property=\"og:type\" content=\"article\" \/>\n<meta property=\"og:title\" content=\"Maschinenethik im Kassensaal - maschinenethik.net\" \/>\n<meta property=\"og:description\" content=\"Am 2. Mai 2016 fand in Wien eine \u00f6ffentliche Sitzung der \u00f6sterreichischen Bioethikkommission zum Thema &#8222;Von Mensch und Maschine: Roboter in der Pflege&#8220; statt. Wegen des gro\u00dfen Andrangs war sie in den Kassensaal, wo fr\u00fcher Geldgesch\u00e4fte get\u00e4tigt wurden, verlegt worden, einen pr\u00e4chtigen Saal der Bundesregierung. Zun\u00e4chst trafen sich die Referenten zu einem Hintergrundgespr\u00e4ch mit Pressevertretern &hellip; \u201eMaschinenethik im Kassensaal\u201c weiterlesen\" \/>\n<meta property=\"og:url\" content=\"https:\/\/www.maschinenethik.net\/?p=2310\" \/>\n<meta property=\"og:site_name\" content=\"maschinenethik.net\" \/>\n<meta property=\"article:published_time\" content=\"2016-05-03T10:24:56+00:00\" \/>\n<meta property=\"article:modified_time\" content=\"2016-05-04T08:25:12+00:00\" \/>\n<meta name=\"author\" content=\"bendelo\" \/>\n<meta name=\"twitter:card\" content=\"summary_large_image\" \/>\n<meta name=\"twitter:label1\" content=\"Verfasst von\" \/>\n\t<meta name=\"twitter:data1\" content=\"bendelo\" \/>\n\t<meta name=\"twitter:label2\" content=\"Gesch\u00e4tzte Lesezeit\" \/>\n\t<meta name=\"twitter:data2\" content=\"1\u00a0Minute\" \/>\n<script type=\"application\/ld+json\" class=\"yoast-schema-graph\">{\"@context\":\"https:\\\/\\\/schema.org\",\"@graph\":[{\"@type\":\"Article\",\"@id\":\"https:\\\/\\\/www.maschinenethik.net\\\/?p=2310#article\",\"isPartOf\":{\"@id\":\"https:\\\/\\\/www.maschinenethik.net\\\/?p=2310\"},\"author\":{\"name\":\"bendelo\",\"@id\":\"https:\\\/\\\/www.maschinenethik.net\\\/#\\\/schema\\\/person\\\/8bb3eb6ac670c6232634a22d062cae95\"},\"headline\":\"Maschinenethik im Kassensaal\",\"datePublished\":\"2016-05-03T10:24:56+00:00\",\"dateModified\":\"2016-05-04T08:25:12+00:00\",\"mainEntityOfPage\":{\"@id\":\"https:\\\/\\\/www.maschinenethik.net\\\/?p=2310\"},\"wordCount\":297,\"keywords\":[\"Bioethikkommission\",\"Informationsethik\",\"Kampfroboter\",\"Maschinenethik\",\"Medizinethik\",\"Pflege\",\"Pflegeroboter\",\"Wien\"],\"articleSection\":[\"Maschinenethik\",\"Medizinethik\"],\"inLanguage\":\"de\"},{\"@type\":\"WebPage\",\"@id\":\"https:\\\/\\\/www.maschinenethik.net\\\/?p=2310\",\"url\":\"https:\\\/\\\/www.maschinenethik.net\\\/?p=2310\",\"name\":\"Maschinenethik im Kassensaal - maschinenethik.net\",\"isPartOf\":{\"@id\":\"https:\\\/\\\/www.maschinenethik.net\\\/#website\"},\"datePublished\":\"2016-05-03T10:24:56+00:00\",\"dateModified\":\"2016-05-04T08:25:12+00:00\",\"author\":{\"@id\":\"https:\\\/\\\/www.maschinenethik.net\\\/#\\\/schema\\\/person\\\/8bb3eb6ac670c6232634a22d062cae95\"},\"breadcrumb\":{\"@id\":\"https:\\\/\\\/www.maschinenethik.net\\\/?p=2310#breadcrumb\"},\"inLanguage\":\"de\",\"potentialAction\":[{\"@type\":\"ReadAction\",\"target\":[\"https:\\\/\\\/www.maschinenethik.net\\\/?p=2310\"]}]},{\"@type\":\"BreadcrumbList\",\"@id\":\"https:\\\/\\\/www.maschinenethik.net\\\/?p=2310#breadcrumb\",\"itemListElement\":[{\"@type\":\"ListItem\",\"position\":1,\"name\":\"Startseite\",\"item\":\"https:\\\/\\\/www.maschinenethik.net\\\/\"},{\"@type\":\"ListItem\",\"position\":2,\"name\":\"Maschinenethik im Kassensaal\"}]},{\"@type\":\"WebSite\",\"@id\":\"https:\\\/\\\/www.maschinenethik.net\\\/#website\",\"url\":\"https:\\\/\\\/www.maschinenethik.net\\\/\",\"name\":\"maschinenethik.net\",\"description\":\"VON OLIVER BENDEL\",\"alternateName\":\"Maschinenethik\",\"potentialAction\":[{\"@type\":\"SearchAction\",\"target\":{\"@type\":\"EntryPoint\",\"urlTemplate\":\"https:\\\/\\\/www.maschinenethik.net\\\/?s={search_term_string}\"},\"query-input\":{\"@type\":\"PropertyValueSpecification\",\"valueRequired\":true,\"valueName\":\"search_term_string\"}}],\"inLanguage\":\"de\"},{\"@type\":\"Person\",\"@id\":\"https:\\\/\\\/www.maschinenethik.net\\\/#\\\/schema\\\/person\\\/8bb3eb6ac670c6232634a22d062cae95\",\"name\":\"bendelo\",\"url\":\"https:\\\/\\\/www.maschinenethik.net\\\/?author=3\"}]}<\/script>\n<!-- \/ Yoast SEO plugin. -->","yoast_head_json":{"title":"Maschinenethik im Kassensaal - maschinenethik.net","robots":{"index":"index","follow":"follow","max-snippet":"max-snippet:-1","max-image-preview":"max-image-preview:large","max-video-preview":"max-video-preview:-1"},"canonical":"https:\/\/www.maschinenethik.net\/?p=2310","og_locale":"de_DE","og_type":"article","og_title":"Maschinenethik im Kassensaal - maschinenethik.net","og_description":"Am 2. Mai 2016 fand in Wien eine \u00f6ffentliche Sitzung der \u00f6sterreichischen Bioethikkommission zum Thema &#8222;Von Mensch und Maschine: Roboter in der Pflege&#8220; statt. Wegen des gro\u00dfen Andrangs war sie in den Kassensaal, wo fr\u00fcher Geldgesch\u00e4fte get\u00e4tigt wurden, verlegt worden, einen pr\u00e4chtigen Saal der Bundesregierung. Zun\u00e4chst trafen sich die Referenten zu einem Hintergrundgespr\u00e4ch mit Pressevertretern &hellip; \u201eMaschinenethik im Kassensaal\u201c weiterlesen","og_url":"https:\/\/www.maschinenethik.net\/?p=2310","og_site_name":"maschinenethik.net","article_published_time":"2016-05-03T10:24:56+00:00","article_modified_time":"2016-05-04T08:25:12+00:00","author":"bendelo","twitter_card":"summary_large_image","twitter_misc":{"Verfasst von":"bendelo","Gesch\u00e4tzte Lesezeit":"1\u00a0Minute"},"schema":{"@context":"https:\/\/schema.org","@graph":[{"@type":"Article","@id":"https:\/\/www.maschinenethik.net\/?p=2310#article","isPartOf":{"@id":"https:\/\/www.maschinenethik.net\/?p=2310"},"author":{"name":"bendelo","@id":"https:\/\/www.maschinenethik.net\/#\/schema\/person\/8bb3eb6ac670c6232634a22d062cae95"},"headline":"Maschinenethik im Kassensaal","datePublished":"2016-05-03T10:24:56+00:00","dateModified":"2016-05-04T08:25:12+00:00","mainEntityOfPage":{"@id":"https:\/\/www.maschinenethik.net\/?p=2310"},"wordCount":297,"keywords":["Bioethikkommission","Informationsethik","Kampfroboter","Maschinenethik","Medizinethik","Pflege","Pflegeroboter","Wien"],"articleSection":["Maschinenethik","Medizinethik"],"inLanguage":"de"},{"@type":"WebPage","@id":"https:\/\/www.maschinenethik.net\/?p=2310","url":"https:\/\/www.maschinenethik.net\/?p=2310","name":"Maschinenethik im Kassensaal - maschinenethik.net","isPartOf":{"@id":"https:\/\/www.maschinenethik.net\/#website"},"datePublished":"2016-05-03T10:24:56+00:00","dateModified":"2016-05-04T08:25:12+00:00","author":{"@id":"https:\/\/www.maschinenethik.net\/#\/schema\/person\/8bb3eb6ac670c6232634a22d062cae95"},"breadcrumb":{"@id":"https:\/\/www.maschinenethik.net\/?p=2310#breadcrumb"},"inLanguage":"de","potentialAction":[{"@type":"ReadAction","target":["https:\/\/www.maschinenethik.net\/?p=2310"]}]},{"@type":"BreadcrumbList","@id":"https:\/\/www.maschinenethik.net\/?p=2310#breadcrumb","itemListElement":[{"@type":"ListItem","position":1,"name":"Startseite","item":"https:\/\/www.maschinenethik.net\/"},{"@type":"ListItem","position":2,"name":"Maschinenethik im Kassensaal"}]},{"@type":"WebSite","@id":"https:\/\/www.maschinenethik.net\/#website","url":"https:\/\/www.maschinenethik.net\/","name":"maschinenethik.net","description":"VON OLIVER BENDEL","alternateName":"Maschinenethik","potentialAction":[{"@type":"SearchAction","target":{"@type":"EntryPoint","urlTemplate":"https:\/\/www.maschinenethik.net\/?s={search_term_string}"},"query-input":{"@type":"PropertyValueSpecification","valueRequired":true,"valueName":"search_term_string"}}],"inLanguage":"de"},{"@type":"Person","@id":"https:\/\/www.maschinenethik.net\/#\/schema\/person\/8bb3eb6ac670c6232634a22d062cae95","name":"bendelo","url":"https:\/\/www.maschinenethik.net\/?author=3"}]}},"_links":{"self":[{"href":"https:\/\/www.maschinenethik.net\/index.php?rest_route=\/wp\/v2\/posts\/2310","targetHints":{"allow":["GET"]}}],"collection":[{"href":"https:\/\/www.maschinenethik.net\/index.php?rest_route=\/wp\/v2\/posts"}],"about":[{"href":"https:\/\/www.maschinenethik.net\/index.php?rest_route=\/wp\/v2\/types\/post"}],"author":[{"embeddable":true,"href":"https:\/\/www.maschinenethik.net\/index.php?rest_route=\/wp\/v2\/users\/3"}],"replies":[{"embeddable":true,"href":"https:\/\/www.maschinenethik.net\/index.php?rest_route=%2Fwp%2Fv2%2Fcomments&post=2310"}],"version-history":[{"count":5,"href":"https:\/\/www.maschinenethik.net\/index.php?rest_route=\/wp\/v2\/posts\/2310\/revisions"}],"predecessor-version":[{"id":2315,"href":"https:\/\/www.maschinenethik.net\/index.php?rest_route=\/wp\/v2\/posts\/2310\/revisions\/2315"}],"wp:attachment":[{"href":"https:\/\/www.maschinenethik.net\/index.php?rest_route=%2Fwp%2Fv2%2Fmedia&parent=2310"}],"wp:term":[{"taxonomy":"category","embeddable":true,"href":"https:\/\/www.maschinenethik.net\/index.php?rest_route=%2Fwp%2Fv2%2Fcategories&post=2310"},{"taxonomy":"post_tag","embeddable":true,"href":"https:\/\/www.maschinenethik.net\/index.php?rest_route=%2Fwp%2Fv2%2Ftags&post=2310"}],"curies":[{"name":"wp","href":"https:\/\/api.w.org\/{rel}","templated":true}]}}