{"id":2507,"date":"2016-06-24T13:04:59","date_gmt":"2016-06-24T13:04:59","guid":{"rendered":"http:\/\/maschinenethik.net\/?p=2507"},"modified":"2016-07-11T11:57:57","modified_gmt":"2016-07-11T11:57:57","slug":"eine-chance-zur-befreiung-des-menschen","status":"publish","type":"post","link":"https:\/\/www.maschinenethik.net\/?p=2507","title":{"rendered":"Eine Chance zur Befreiung des Menschen"},"content":{"rendered":"<p>Der Ausschuss Digitale Agenda des Deutschen Bundestages f\u00fchrte am 22. Juni 2016 von 16.00 bis 18.00 Uhr ein \u00f6ffentliches Fachgespr\u00e4ch zum Themenkomplex &#8222;Auswirkungen der Robotik auf Arbeit, Wirtschaft und Gesellschaft&#8220; durch. Als Sachverst\u00e4ndige standen\u00a0Eric Hilgendorf (Universit\u00e4t W\u00fcrzburg), Raul Rojas (FU Berlin), Ryan Calo (University of Washington), Norbert Elkman (Fraunhofer IPK) und Oliver Bendel (Hochschule f\u00fcr Wirtschaft FHNW) zur Verf\u00fcgung. Elkmann warnte mit Blick auf die Robotik vor \u00fcberzogenen Erwartungen. Hilgendorf mahnte &#8222;politisches Handeln an, da sonst die Gefahr best\u00fcnde, dass internationale Konzerne die Standards setzen k\u00f6nnten&#8220; (Website Bundestag). Calo blies ins gleiche Horn: &#8222;Es d\u00fcrfe nicht sein, dass der Gesetzgeber sich auf Aussagen der Industrie verlassen muss.&#8220;\u00a0(Website Bundestag) Er k\u00f6nne sich durchaus die Schaffung einer Robotersteuer und einer Roboterquote vorstellen, erkl\u00e4rte Bendel. Ber\u00fccksichtigt werden m\u00fcsse allerdings, dass die derzeitige Ausrichtung des menschlichen Lebens auf die wirtschaftliche Produktivit\u00e4t &#8222;eine kapitalistische Ideologie ist, der man nicht zustimmen muss&#8220;. &#8222;Der Einsatz von Robotern k\u00f6nne daher eine Chance zur Befreiung des Menschen sein.&#8220; (Website Bundestag) Und w\u00e4re entsprechend zu f\u00f6rdern. Auch Rojas betonte, die &#8222;anstehende industrielle Revolution sei nicht besch\u00e4ftigungsneutral&#8220;. Weitere Informationen und Aussagen sind \u00fcber <a href=\"http:\/\/www.bundestag.de\/dokumente\/textarchiv\/2016\/kw25-pa-digitale-agenda\/427996\" target=\"_blank\">www.bundestag.de\/dokumente\/textarchiv\/2016\/kw25-pa-digitale-agenda\/427996<\/a> zu finden.<\/p>\n<p><a href=\"https:\/\/maschinenethik.net\/wp-content\/uploads\/2016\/06\/Cute_Robo.png\"><img loading=\"lazy\" decoding=\"async\" class=\"alignnone size-full wp-image-2509\" src=\"https:\/\/maschinenethik.net\/wp-content\/uploads\/2016\/06\/Cute_Robo.png\" alt=\"Cute_Robo\" width=\"712\" height=\"849\" srcset=\"https:\/\/www.maschinenethik.net\/wp-content\/uploads\/2016\/06\/Cute_Robo.png 712w, https:\/\/www.maschinenethik.net\/wp-content\/uploads\/2016\/06\/Cute_Robo-252x300.png 252w\" sizes=\"auto, (max-width: 712px) 100vw, 712px\" \/><\/a><\/p>\n<p>Abb.: Wird er uns befreien?<\/p>\n","protected":false},"excerpt":{"rendered":"<p>Der Ausschuss Digitale Agenda des Deutschen Bundestages f\u00fchrte am 22. Juni 2016 von 16.00 bis 18.00 Uhr ein \u00f6ffentliches Fachgespr\u00e4ch zum Themenkomplex &#8222;Auswirkungen der Robotik auf Arbeit, Wirtschaft und Gesellschaft&#8220; durch. Als Sachverst\u00e4ndige standen\u00a0Eric Hilgendorf (Universit\u00e4t W\u00fcrzburg), Raul Rojas (FU Berlin), Ryan Calo (University of Washington), Norbert Elkman (Fraunhofer IPK) und Oliver Bendel (Hochschule f\u00fcr &hellip; <\/p>\n<p class=\"link-more\"><a href=\"https:\/\/www.maschinenethik.net\/?p=2507\" class=\"more-link\"><span class=\"screen-reader-text\">\u201eEine Chance zur Befreiung des Menschen\u201c <\/span>weiterlesen<\/a><\/p>\n","protected":false},"author":3,"featured_media":0,"comment_status":"closed","ping_status":"open","sticky":false,"template":"","format":"standard","meta":{"footnotes":""},"categories":[8,376],"tags":[377,112,22,476,237],"class_list":["post-2507","post","type-post","status-publish","format-standard","hentry","category-roboterethik","category-wirtschaftsethik","tag-digitalisierung","tag-industrie-4-0","tag-robotik","tag-robotisierung","tag-wirtschaftsethik"],"yoast_head":"<!-- This site is optimized with the Yoast SEO plugin v27.4 - https:\/\/yoast.com\/product\/yoast-seo-wordpress\/ -->\n<title>Eine Chance zur Befreiung des Menschen - maschinenethik.net<\/title>\n<meta name=\"robots\" content=\"index, follow, max-snippet:-1, max-image-preview:large, max-video-preview:-1\" \/>\n<link rel=\"canonical\" href=\"https:\/\/www.maschinenethik.net\/?p=2507\" \/>\n<meta property=\"og:locale\" content=\"de_DE\" \/>\n<meta property=\"og:type\" content=\"article\" \/>\n<meta property=\"og:title\" content=\"Eine Chance zur Befreiung des Menschen - maschinenethik.net\" \/>\n<meta property=\"og:description\" content=\"Der Ausschuss Digitale Agenda des Deutschen Bundestages f\u00fchrte am 22. Juni 2016 von 16.00 bis 18.00 Uhr ein \u00f6ffentliches Fachgespr\u00e4ch zum Themenkomplex &#8222;Auswirkungen der Robotik auf Arbeit, Wirtschaft und Gesellschaft&#8220; durch. Als Sachverst\u00e4ndige standen\u00a0Eric Hilgendorf (Universit\u00e4t W\u00fcrzburg), Raul Rojas (FU Berlin), Ryan Calo (University of Washington), Norbert Elkman (Fraunhofer IPK) und Oliver Bendel (Hochschule f\u00fcr &hellip; \u201eEine Chance zur Befreiung des Menschen\u201c weiterlesen\" \/>\n<meta property=\"og:url\" content=\"https:\/\/www.maschinenethik.net\/?p=2507\" \/>\n<meta property=\"og:site_name\" content=\"maschinenethik.net\" \/>\n<meta property=\"article:published_time\" content=\"2016-06-24T13:04:59+00:00\" \/>\n<meta property=\"article:modified_time\" content=\"2016-07-11T11:57:57+00:00\" \/>\n<meta property=\"og:image\" content=\"https:\/\/maschinenethik.net\/wp-content\/uploads\/2016\/06\/Cute_Robo.png\" \/>\n<meta name=\"author\" content=\"bendelo\" \/>\n<meta name=\"twitter:card\" content=\"summary_large_image\" \/>\n<meta name=\"twitter:label1\" content=\"Verfasst von\" \/>\n\t<meta name=\"twitter:data1\" content=\"bendelo\" \/>\n\t<meta name=\"twitter:label2\" content=\"Gesch\u00e4tzte Lesezeit\" \/>\n\t<meta name=\"twitter:data2\" content=\"1\u00a0Minute\" \/>\n<script type=\"application\/ld+json\" class=\"yoast-schema-graph\">{\"@context\":\"https:\\\/\\\/schema.org\",\"@graph\":[{\"@type\":\"Article\",\"@id\":\"https:\\\/\\\/www.maschinenethik.net\\\/?p=2507#article\",\"isPartOf\":{\"@id\":\"https:\\\/\\\/www.maschinenethik.net\\\/?p=2507\"},\"author\":{\"name\":\"bendelo\",\"@id\":\"https:\\\/\\\/www.maschinenethik.net\\\/#\\\/schema\\\/person\\\/8bb3eb6ac670c6232634a22d062cae95\"},\"headline\":\"Eine Chance zur Befreiung des Menschen\",\"datePublished\":\"2016-06-24T13:04:59+00:00\",\"dateModified\":\"2016-07-11T11:57:57+00:00\",\"mainEntityOfPage\":{\"@id\":\"https:\\\/\\\/www.maschinenethik.net\\\/?p=2507\"},\"wordCount\":219,\"image\":{\"@id\":\"https:\\\/\\\/www.maschinenethik.net\\\/?p=2507#primaryimage\"},\"thumbnailUrl\":\"https:\\\/\\\/maschinenethik.net\\\/wp-content\\\/uploads\\\/2016\\\/06\\\/Cute_Robo.png\",\"keywords\":[\"Digitalisierung\",\"Industrie 4.0\",\"Robotik\",\"Robotisierung\",\"Wirtschaftsethik\"],\"articleSection\":[\"Roboterethik\",\"Wirtschaftsethik\"],\"inLanguage\":\"de\"},{\"@type\":\"WebPage\",\"@id\":\"https:\\\/\\\/www.maschinenethik.net\\\/?p=2507\",\"url\":\"https:\\\/\\\/www.maschinenethik.net\\\/?p=2507\",\"name\":\"Eine Chance zur Befreiung des Menschen - maschinenethik.net\",\"isPartOf\":{\"@id\":\"https:\\\/\\\/www.maschinenethik.net\\\/#website\"},\"primaryImageOfPage\":{\"@id\":\"https:\\\/\\\/www.maschinenethik.net\\\/?p=2507#primaryimage\"},\"image\":{\"@id\":\"https:\\\/\\\/www.maschinenethik.net\\\/?p=2507#primaryimage\"},\"thumbnailUrl\":\"https:\\\/\\\/maschinenethik.net\\\/wp-content\\\/uploads\\\/2016\\\/06\\\/Cute_Robo.png\",\"datePublished\":\"2016-06-24T13:04:59+00:00\",\"dateModified\":\"2016-07-11T11:57:57+00:00\",\"author\":{\"@id\":\"https:\\\/\\\/www.maschinenethik.net\\\/#\\\/schema\\\/person\\\/8bb3eb6ac670c6232634a22d062cae95\"},\"breadcrumb\":{\"@id\":\"https:\\\/\\\/www.maschinenethik.net\\\/?p=2507#breadcrumb\"},\"inLanguage\":\"de\",\"potentialAction\":[{\"@type\":\"ReadAction\",\"target\":[\"https:\\\/\\\/www.maschinenethik.net\\\/?p=2507\"]}]},{\"@type\":\"ImageObject\",\"inLanguage\":\"de\",\"@id\":\"https:\\\/\\\/www.maschinenethik.net\\\/?p=2507#primaryimage\",\"url\":\"https:\\\/\\\/maschinenethik.net\\\/wp-content\\\/uploads\\\/2016\\\/06\\\/Cute_Robo.png\",\"contentUrl\":\"https:\\\/\\\/maschinenethik.net\\\/wp-content\\\/uploads\\\/2016\\\/06\\\/Cute_Robo.png\"},{\"@type\":\"BreadcrumbList\",\"@id\":\"https:\\\/\\\/www.maschinenethik.net\\\/?p=2507#breadcrumb\",\"itemListElement\":[{\"@type\":\"ListItem\",\"position\":1,\"name\":\"Startseite\",\"item\":\"https:\\\/\\\/www.maschinenethik.net\\\/\"},{\"@type\":\"ListItem\",\"position\":2,\"name\":\"Eine Chance zur Befreiung des Menschen\"}]},{\"@type\":\"WebSite\",\"@id\":\"https:\\\/\\\/www.maschinenethik.net\\\/#website\",\"url\":\"https:\\\/\\\/www.maschinenethik.net\\\/\",\"name\":\"maschinenethik.net\",\"description\":\"VON OLIVER BENDEL\",\"alternateName\":\"Maschinenethik\",\"potentialAction\":[{\"@type\":\"SearchAction\",\"target\":{\"@type\":\"EntryPoint\",\"urlTemplate\":\"https:\\\/\\\/www.maschinenethik.net\\\/?s={search_term_string}\"},\"query-input\":{\"@type\":\"PropertyValueSpecification\",\"valueRequired\":true,\"valueName\":\"search_term_string\"}}],\"inLanguage\":\"de\"},{\"@type\":\"Person\",\"@id\":\"https:\\\/\\\/www.maschinenethik.net\\\/#\\\/schema\\\/person\\\/8bb3eb6ac670c6232634a22d062cae95\",\"name\":\"bendelo\",\"url\":\"https:\\\/\\\/www.maschinenethik.net\\\/?author=3\"}]}<\/script>\n<!-- \/ Yoast SEO plugin. -->","yoast_head_json":{"title":"Eine Chance zur Befreiung des Menschen - maschinenethik.net","robots":{"index":"index","follow":"follow","max-snippet":"max-snippet:-1","max-image-preview":"max-image-preview:large","max-video-preview":"max-video-preview:-1"},"canonical":"https:\/\/www.maschinenethik.net\/?p=2507","og_locale":"de_DE","og_type":"article","og_title":"Eine Chance zur Befreiung des Menschen - maschinenethik.net","og_description":"Der Ausschuss Digitale Agenda des Deutschen Bundestages f\u00fchrte am 22. Juni 2016 von 16.00 bis 18.00 Uhr ein \u00f6ffentliches Fachgespr\u00e4ch zum Themenkomplex &#8222;Auswirkungen der Robotik auf Arbeit, Wirtschaft und Gesellschaft&#8220; durch. Als Sachverst\u00e4ndige standen\u00a0Eric Hilgendorf (Universit\u00e4t W\u00fcrzburg), Raul Rojas (FU Berlin), Ryan Calo (University of Washington), Norbert Elkman (Fraunhofer IPK) und Oliver Bendel (Hochschule f\u00fcr &hellip; \u201eEine Chance zur Befreiung des Menschen\u201c weiterlesen","og_url":"https:\/\/www.maschinenethik.net\/?p=2507","og_site_name":"maschinenethik.net","article_published_time":"2016-06-24T13:04:59+00:00","article_modified_time":"2016-07-11T11:57:57+00:00","og_image":[{"url":"https:\/\/maschinenethik.net\/wp-content\/uploads\/2016\/06\/Cute_Robo.png","type":"","width":"","height":""}],"author":"bendelo","twitter_card":"summary_large_image","twitter_misc":{"Verfasst von":"bendelo","Gesch\u00e4tzte Lesezeit":"1\u00a0Minute"},"schema":{"@context":"https:\/\/schema.org","@graph":[{"@type":"Article","@id":"https:\/\/www.maschinenethik.net\/?p=2507#article","isPartOf":{"@id":"https:\/\/www.maschinenethik.net\/?p=2507"},"author":{"name":"bendelo","@id":"https:\/\/www.maschinenethik.net\/#\/schema\/person\/8bb3eb6ac670c6232634a22d062cae95"},"headline":"Eine Chance zur Befreiung des Menschen","datePublished":"2016-06-24T13:04:59+00:00","dateModified":"2016-07-11T11:57:57+00:00","mainEntityOfPage":{"@id":"https:\/\/www.maschinenethik.net\/?p=2507"},"wordCount":219,"image":{"@id":"https:\/\/www.maschinenethik.net\/?p=2507#primaryimage"},"thumbnailUrl":"https:\/\/maschinenethik.net\/wp-content\/uploads\/2016\/06\/Cute_Robo.png","keywords":["Digitalisierung","Industrie 4.0","Robotik","Robotisierung","Wirtschaftsethik"],"articleSection":["Roboterethik","Wirtschaftsethik"],"inLanguage":"de"},{"@type":"WebPage","@id":"https:\/\/www.maschinenethik.net\/?p=2507","url":"https:\/\/www.maschinenethik.net\/?p=2507","name":"Eine Chance zur Befreiung des Menschen - maschinenethik.net","isPartOf":{"@id":"https:\/\/www.maschinenethik.net\/#website"},"primaryImageOfPage":{"@id":"https:\/\/www.maschinenethik.net\/?p=2507#primaryimage"},"image":{"@id":"https:\/\/www.maschinenethik.net\/?p=2507#primaryimage"},"thumbnailUrl":"https:\/\/maschinenethik.net\/wp-content\/uploads\/2016\/06\/Cute_Robo.png","datePublished":"2016-06-24T13:04:59+00:00","dateModified":"2016-07-11T11:57:57+00:00","author":{"@id":"https:\/\/www.maschinenethik.net\/#\/schema\/person\/8bb3eb6ac670c6232634a22d062cae95"},"breadcrumb":{"@id":"https:\/\/www.maschinenethik.net\/?p=2507#breadcrumb"},"inLanguage":"de","potentialAction":[{"@type":"ReadAction","target":["https:\/\/www.maschinenethik.net\/?p=2507"]}]},{"@type":"ImageObject","inLanguage":"de","@id":"https:\/\/www.maschinenethik.net\/?p=2507#primaryimage","url":"https:\/\/maschinenethik.net\/wp-content\/uploads\/2016\/06\/Cute_Robo.png","contentUrl":"https:\/\/maschinenethik.net\/wp-content\/uploads\/2016\/06\/Cute_Robo.png"},{"@type":"BreadcrumbList","@id":"https:\/\/www.maschinenethik.net\/?p=2507#breadcrumb","itemListElement":[{"@type":"ListItem","position":1,"name":"Startseite","item":"https:\/\/www.maschinenethik.net\/"},{"@type":"ListItem","position":2,"name":"Eine Chance zur Befreiung des Menschen"}]},{"@type":"WebSite","@id":"https:\/\/www.maschinenethik.net\/#website","url":"https:\/\/www.maschinenethik.net\/","name":"maschinenethik.net","description":"VON OLIVER BENDEL","alternateName":"Maschinenethik","potentialAction":[{"@type":"SearchAction","target":{"@type":"EntryPoint","urlTemplate":"https:\/\/www.maschinenethik.net\/?s={search_term_string}"},"query-input":{"@type":"PropertyValueSpecification","valueRequired":true,"valueName":"search_term_string"}}],"inLanguage":"de"},{"@type":"Person","@id":"https:\/\/www.maschinenethik.net\/#\/schema\/person\/8bb3eb6ac670c6232634a22d062cae95","name":"bendelo","url":"https:\/\/www.maschinenethik.net\/?author=3"}]}},"_links":{"self":[{"href":"https:\/\/www.maschinenethik.net\/index.php?rest_route=\/wp\/v2\/posts\/2507","targetHints":{"allow":["GET"]}}],"collection":[{"href":"https:\/\/www.maschinenethik.net\/index.php?rest_route=\/wp\/v2\/posts"}],"about":[{"href":"https:\/\/www.maschinenethik.net\/index.php?rest_route=\/wp\/v2\/types\/post"}],"author":[{"embeddable":true,"href":"https:\/\/www.maschinenethik.net\/index.php?rest_route=\/wp\/v2\/users\/3"}],"replies":[{"embeddable":true,"href":"https:\/\/www.maschinenethik.net\/index.php?rest_route=%2Fwp%2Fv2%2Fcomments&post=2507"}],"version-history":[{"count":4,"href":"https:\/\/www.maschinenethik.net\/index.php?rest_route=\/wp\/v2\/posts\/2507\/revisions"}],"predecessor-version":[{"id":2621,"href":"https:\/\/www.maschinenethik.net\/index.php?rest_route=\/wp\/v2\/posts\/2507\/revisions\/2621"}],"wp:attachment":[{"href":"https:\/\/www.maschinenethik.net\/index.php?rest_route=%2Fwp%2Fv2%2Fmedia&parent=2507"}],"wp:term":[{"taxonomy":"category","embeddable":true,"href":"https:\/\/www.maschinenethik.net\/index.php?rest_route=%2Fwp%2Fv2%2Fcategories&post=2507"},{"taxonomy":"post_tag","embeddable":true,"href":"https:\/\/www.maschinenethik.net\/index.php?rest_route=%2Fwp%2Fv2%2Ftags&post=2507"}],"curies":[{"name":"wp","href":"https:\/\/api.w.org\/{rel}","templated":true}]}}