{"id":3146,"date":"2016-10-29T17:25:54","date_gmt":"2016-10-29T17:25:54","guid":{"rendered":"http:\/\/maschinenethik.net\/?p=3146"},"modified":"2025-05-02T07:35:16","modified_gmt":"2025-05-02T07:35:16","slug":"ueber-die-macht-der-algorithmen","status":"publish","type":"post","link":"https:\/\/www.maschinenethik.net\/?p=3146","title":{"rendered":"\u00dcber die Macht der Algorithmen"},"content":{"rendered":"<p>&#8222;Algorithmische Auswahl- und Entscheidungsprozesse pr\u00e4gen unseren Alltag, unsere Wahrnehmung der Welt und unser t\u00e4gliches Handeln. Ihre Bedeutung steigt in einer durch Automatisierung und Big Data gekennzeichneten digitalen Gesellschaft in s\u00e4mtlichen Lebensbereichen rasant an. Damit werden sowohl die Frage nach der Machtaus\u00fcbung mittels Algorithmen als Instrumente als auch jene nach der Macht von Algorithmen als eigenst\u00e4ndige Akteure virulent. Inwieweit handeln Algorithmen autonom, selbstbestimmt und intentional? Sind sie kontrollier- und ihre Ergebnisse vorhersehbar? K\u00f6nnen Algorithmen moralisch handeln? Welche gesellschaftlichen Herausforderungen ergeben sich aus einer ethischen Perspektive und wie k\u00f6nnen diese bew\u00e4ltigt werden?&#8220; So ein <a href=\"https:\/\/www.maschinenethik.net\/wp-content\/uploads\/2022\/10\/Flyer_Algorithmen.pdf\" target=\"_blank\" rel=\"noopener\">Flyer<\/a> zu einer Veranstaltung, die den Titel &#8222;Die Macht der Algorithmen: Werkzeuge oder Akteure?&#8220; tr\u00e4gt und am 22. November 2016 von 18:15 bis 19:45 Uhr an der Universit\u00e4t Z\u00fcrich stattfindet. Und weiter: &#8222;Nach einer thematischen Einf\u00fchrung durch Prof. Dr. Michael Latzer (IPMZ &#8211; Abt. Medienwandel &amp; Innovation, UZH) folgen Inputreferate zur Einsch\u00e4tzung der Macht der Algorithmen aus technischer und ethischer Perspektive durch Prof. Dr. Thomas Hofmann (Data Analytics Lab, Departement Informatik, ETH Z\u00fcrich) und Prof. Dr. Oliver Bendel (Institut f\u00fcr Wirtschaftsinformatik, Hochschule f\u00fcr Wirtschaft, FHNW).&#8220;<\/p>\n<p><img loading=\"lazy\" decoding=\"async\" class=\"alignnone size-full wp-image-10079\" src=\"https:\/\/www.maschinenethik.net\/wp-content\/uploads\/2016\/10\/Bendel_UZH.png\" alt=\"\" width=\"738\" height=\"768\" srcset=\"https:\/\/www.maschinenethik.net\/wp-content\/uploads\/2016\/10\/Bendel_UZH.png 738w, https:\/\/www.maschinenethik.net\/wp-content\/uploads\/2016\/10\/Bendel_UZH-288x300.png 288w\" sizes=\"auto, (max-width: 738px) 100vw, 738px\" \/><\/p>\n<p>Abb.: Oliver Bendel in Windisch (Foto: Kai R. Joachim)<\/p>\n","protected":false},"excerpt":{"rendered":"<p>&#8222;Algorithmische Auswahl- und Entscheidungsprozesse pr\u00e4gen unseren Alltag, unsere Wahrnehmung der Welt und unser t\u00e4gliches Handeln. Ihre Bedeutung steigt in einer durch Automatisierung und Big Data gekennzeichneten digitalen Gesellschaft in s\u00e4mtlichen Lebensbereichen rasant an. Damit werden sowohl die Frage nach der Machtaus\u00fcbung mittels Algorithmen als Instrumente als auch jene nach der Macht von Algorithmen als eigenst\u00e4ndige &hellip; <\/p>\n<p class=\"link-more\"><a href=\"https:\/\/www.maschinenethik.net\/?p=3146\" class=\"more-link\"><span class=\"screen-reader-text\">\u201e\u00dcber die Macht der Algorithmen\u201c <\/span>weiterlesen<\/a><\/p>\n","protected":false},"author":3,"featured_media":0,"comment_status":"closed","ping_status":"open","sticky":false,"template":"","format":"standard","meta":{"footnotes":""},"categories":[10,4],"tags":[39,304,301,219],"class_list":["post-3146","post","type-post","status-publish","format-standard","hentry","category-algorithmenethik","category-maschinenethik","tag-algorithmen","tag-algorithmenethik","tag-maschinenethik","tag-universitaet-zuerich"],"yoast_head":"<!-- This site is optimized with the Yoast SEO plugin v27.4 - https:\/\/yoast.com\/product\/yoast-seo-wordpress\/ -->\n<title>\u00dcber die Macht der Algorithmen - maschinenethik.net<\/title>\n<meta name=\"robots\" content=\"index, follow, max-snippet:-1, max-image-preview:large, max-video-preview:-1\" \/>\n<link rel=\"canonical\" href=\"https:\/\/www.maschinenethik.net\/?p=3146\" \/>\n<meta property=\"og:locale\" content=\"de_DE\" \/>\n<meta property=\"og:type\" content=\"article\" \/>\n<meta property=\"og:title\" content=\"\u00dcber die Macht der Algorithmen - maschinenethik.net\" \/>\n<meta property=\"og:description\" content=\"&#8222;Algorithmische Auswahl- und Entscheidungsprozesse pr\u00e4gen unseren Alltag, unsere Wahrnehmung der Welt und unser t\u00e4gliches Handeln. Ihre Bedeutung steigt in einer durch Automatisierung und Big Data gekennzeichneten digitalen Gesellschaft in s\u00e4mtlichen Lebensbereichen rasant an. Damit werden sowohl die Frage nach der Machtaus\u00fcbung mittels Algorithmen als Instrumente als auch jene nach der Macht von Algorithmen als eigenst\u00e4ndige &hellip; \u201e\u00dcber die Macht der Algorithmen\u201c weiterlesen\" \/>\n<meta property=\"og:url\" content=\"https:\/\/www.maschinenethik.net\/?p=3146\" \/>\n<meta property=\"og:site_name\" content=\"maschinenethik.net\" \/>\n<meta property=\"article:published_time\" content=\"2016-10-29T17:25:54+00:00\" \/>\n<meta property=\"article:modified_time\" content=\"2025-05-02T07:35:16+00:00\" \/>\n<meta property=\"og:image\" content=\"https:\/\/www.maschinenethik.net\/wp-content\/uploads\/2016\/10\/Bendel_UZH.png\" \/>\n\t<meta property=\"og:image:width\" content=\"738\" \/>\n\t<meta property=\"og:image:height\" content=\"768\" \/>\n\t<meta property=\"og:image:type\" content=\"image\/png\" \/>\n<meta name=\"author\" content=\"bendelo\" \/>\n<meta name=\"twitter:card\" content=\"summary_large_image\" \/>\n<meta name=\"twitter:label1\" content=\"Verfasst von\" \/>\n\t<meta name=\"twitter:data1\" content=\"bendelo\" \/>\n\t<meta name=\"twitter:label2\" content=\"Gesch\u00e4tzte Lesezeit\" \/>\n\t<meta name=\"twitter:data2\" content=\"2\u00a0Minuten\" \/>\n<script type=\"application\/ld+json\" class=\"yoast-schema-graph\">{\"@context\":\"https:\\\/\\\/schema.org\",\"@graph\":[{\"@type\":\"Article\",\"@id\":\"https:\\\/\\\/www.maschinenethik.net\\\/?p=3146#article\",\"isPartOf\":{\"@id\":\"https:\\\/\\\/www.maschinenethik.net\\\/?p=3146\"},\"author\":{\"name\":\"bendelo\",\"@id\":\"https:\\\/\\\/www.maschinenethik.net\\\/#\\\/schema\\\/person\\\/8bb3eb6ac670c6232634a22d062cae95\"},\"headline\":\"\u00dcber die Macht der Algorithmen\",\"datePublished\":\"2016-10-29T17:25:54+00:00\",\"dateModified\":\"2025-05-02T07:35:16+00:00\",\"mainEntityOfPage\":{\"@id\":\"https:\\\/\\\/www.maschinenethik.net\\\/?p=3146\"},\"wordCount\":203,\"image\":{\"@id\":\"https:\\\/\\\/www.maschinenethik.net\\\/?p=3146#primaryimage\"},\"thumbnailUrl\":\"https:\\\/\\\/www.maschinenethik.net\\\/wp-content\\\/uploads\\\/2016\\\/10\\\/Bendel_UZH.png\",\"keywords\":[\"Algorithmen\",\"Algorithmenethik\",\"Maschinenethik\",\"Universit\u00e4t Z\u00fcrich\"],\"articleSection\":[\"Algorithmenethik\",\"Maschinenethik\"],\"inLanguage\":\"de\"},{\"@type\":\"WebPage\",\"@id\":\"https:\\\/\\\/www.maschinenethik.net\\\/?p=3146\",\"url\":\"https:\\\/\\\/www.maschinenethik.net\\\/?p=3146\",\"name\":\"\u00dcber die Macht der Algorithmen - maschinenethik.net\",\"isPartOf\":{\"@id\":\"https:\\\/\\\/www.maschinenethik.net\\\/#website\"},\"primaryImageOfPage\":{\"@id\":\"https:\\\/\\\/www.maschinenethik.net\\\/?p=3146#primaryimage\"},\"image\":{\"@id\":\"https:\\\/\\\/www.maschinenethik.net\\\/?p=3146#primaryimage\"},\"thumbnailUrl\":\"https:\\\/\\\/www.maschinenethik.net\\\/wp-content\\\/uploads\\\/2016\\\/10\\\/Bendel_UZH.png\",\"datePublished\":\"2016-10-29T17:25:54+00:00\",\"dateModified\":\"2025-05-02T07:35:16+00:00\",\"author\":{\"@id\":\"https:\\\/\\\/www.maschinenethik.net\\\/#\\\/schema\\\/person\\\/8bb3eb6ac670c6232634a22d062cae95\"},\"breadcrumb\":{\"@id\":\"https:\\\/\\\/www.maschinenethik.net\\\/?p=3146#breadcrumb\"},\"inLanguage\":\"de\",\"potentialAction\":[{\"@type\":\"ReadAction\",\"target\":[\"https:\\\/\\\/www.maschinenethik.net\\\/?p=3146\"]}]},{\"@type\":\"ImageObject\",\"inLanguage\":\"de\",\"@id\":\"https:\\\/\\\/www.maschinenethik.net\\\/?p=3146#primaryimage\",\"url\":\"https:\\\/\\\/www.maschinenethik.net\\\/wp-content\\\/uploads\\\/2016\\\/10\\\/Bendel_UZH.png\",\"contentUrl\":\"https:\\\/\\\/www.maschinenethik.net\\\/wp-content\\\/uploads\\\/2016\\\/10\\\/Bendel_UZH.png\",\"width\":738,\"height\":768},{\"@type\":\"BreadcrumbList\",\"@id\":\"https:\\\/\\\/www.maschinenethik.net\\\/?p=3146#breadcrumb\",\"itemListElement\":[{\"@type\":\"ListItem\",\"position\":1,\"name\":\"Startseite\",\"item\":\"https:\\\/\\\/www.maschinenethik.net\\\/\"},{\"@type\":\"ListItem\",\"position\":2,\"name\":\"\u00dcber die Macht der Algorithmen\"}]},{\"@type\":\"WebSite\",\"@id\":\"https:\\\/\\\/www.maschinenethik.net\\\/#website\",\"url\":\"https:\\\/\\\/www.maschinenethik.net\\\/\",\"name\":\"maschinenethik.net\",\"description\":\"VON OLIVER BENDEL\",\"alternateName\":\"Maschinenethik\",\"potentialAction\":[{\"@type\":\"SearchAction\",\"target\":{\"@type\":\"EntryPoint\",\"urlTemplate\":\"https:\\\/\\\/www.maschinenethik.net\\\/?s={search_term_string}\"},\"query-input\":{\"@type\":\"PropertyValueSpecification\",\"valueRequired\":true,\"valueName\":\"search_term_string\"}}],\"inLanguage\":\"de\"},{\"@type\":\"Person\",\"@id\":\"https:\\\/\\\/www.maschinenethik.net\\\/#\\\/schema\\\/person\\\/8bb3eb6ac670c6232634a22d062cae95\",\"name\":\"bendelo\",\"url\":\"https:\\\/\\\/www.maschinenethik.net\\\/?author=3\"}]}<\/script>\n<!-- \/ Yoast SEO plugin. -->","yoast_head_json":{"title":"\u00dcber die Macht der Algorithmen - maschinenethik.net","robots":{"index":"index","follow":"follow","max-snippet":"max-snippet:-1","max-image-preview":"max-image-preview:large","max-video-preview":"max-video-preview:-1"},"canonical":"https:\/\/www.maschinenethik.net\/?p=3146","og_locale":"de_DE","og_type":"article","og_title":"\u00dcber die Macht der Algorithmen - maschinenethik.net","og_description":"&#8222;Algorithmische Auswahl- und Entscheidungsprozesse pr\u00e4gen unseren Alltag, unsere Wahrnehmung der Welt und unser t\u00e4gliches Handeln. Ihre Bedeutung steigt in einer durch Automatisierung und Big Data gekennzeichneten digitalen Gesellschaft in s\u00e4mtlichen Lebensbereichen rasant an. Damit werden sowohl die Frage nach der Machtaus\u00fcbung mittels Algorithmen als Instrumente als auch jene nach der Macht von Algorithmen als eigenst\u00e4ndige &hellip; \u201e\u00dcber die Macht der Algorithmen\u201c weiterlesen","og_url":"https:\/\/www.maschinenethik.net\/?p=3146","og_site_name":"maschinenethik.net","article_published_time":"2016-10-29T17:25:54+00:00","article_modified_time":"2025-05-02T07:35:16+00:00","og_image":[{"width":738,"height":768,"url":"https:\/\/www.maschinenethik.net\/wp-content\/uploads\/2016\/10\/Bendel_UZH.png","type":"image\/png"}],"author":"bendelo","twitter_card":"summary_large_image","twitter_misc":{"Verfasst von":"bendelo","Gesch\u00e4tzte Lesezeit":"2\u00a0Minuten"},"schema":{"@context":"https:\/\/schema.org","@graph":[{"@type":"Article","@id":"https:\/\/www.maschinenethik.net\/?p=3146#article","isPartOf":{"@id":"https:\/\/www.maschinenethik.net\/?p=3146"},"author":{"name":"bendelo","@id":"https:\/\/www.maschinenethik.net\/#\/schema\/person\/8bb3eb6ac670c6232634a22d062cae95"},"headline":"\u00dcber die Macht der Algorithmen","datePublished":"2016-10-29T17:25:54+00:00","dateModified":"2025-05-02T07:35:16+00:00","mainEntityOfPage":{"@id":"https:\/\/www.maschinenethik.net\/?p=3146"},"wordCount":203,"image":{"@id":"https:\/\/www.maschinenethik.net\/?p=3146#primaryimage"},"thumbnailUrl":"https:\/\/www.maschinenethik.net\/wp-content\/uploads\/2016\/10\/Bendel_UZH.png","keywords":["Algorithmen","Algorithmenethik","Maschinenethik","Universit\u00e4t Z\u00fcrich"],"articleSection":["Algorithmenethik","Maschinenethik"],"inLanguage":"de"},{"@type":"WebPage","@id":"https:\/\/www.maschinenethik.net\/?p=3146","url":"https:\/\/www.maschinenethik.net\/?p=3146","name":"\u00dcber die Macht der Algorithmen - maschinenethik.net","isPartOf":{"@id":"https:\/\/www.maschinenethik.net\/#website"},"primaryImageOfPage":{"@id":"https:\/\/www.maschinenethik.net\/?p=3146#primaryimage"},"image":{"@id":"https:\/\/www.maschinenethik.net\/?p=3146#primaryimage"},"thumbnailUrl":"https:\/\/www.maschinenethik.net\/wp-content\/uploads\/2016\/10\/Bendel_UZH.png","datePublished":"2016-10-29T17:25:54+00:00","dateModified":"2025-05-02T07:35:16+00:00","author":{"@id":"https:\/\/www.maschinenethik.net\/#\/schema\/person\/8bb3eb6ac670c6232634a22d062cae95"},"breadcrumb":{"@id":"https:\/\/www.maschinenethik.net\/?p=3146#breadcrumb"},"inLanguage":"de","potentialAction":[{"@type":"ReadAction","target":["https:\/\/www.maschinenethik.net\/?p=3146"]}]},{"@type":"ImageObject","inLanguage":"de","@id":"https:\/\/www.maschinenethik.net\/?p=3146#primaryimage","url":"https:\/\/www.maschinenethik.net\/wp-content\/uploads\/2016\/10\/Bendel_UZH.png","contentUrl":"https:\/\/www.maschinenethik.net\/wp-content\/uploads\/2016\/10\/Bendel_UZH.png","width":738,"height":768},{"@type":"BreadcrumbList","@id":"https:\/\/www.maschinenethik.net\/?p=3146#breadcrumb","itemListElement":[{"@type":"ListItem","position":1,"name":"Startseite","item":"https:\/\/www.maschinenethik.net\/"},{"@type":"ListItem","position":2,"name":"\u00dcber die Macht der Algorithmen"}]},{"@type":"WebSite","@id":"https:\/\/www.maschinenethik.net\/#website","url":"https:\/\/www.maschinenethik.net\/","name":"maschinenethik.net","description":"VON OLIVER BENDEL","alternateName":"Maschinenethik","potentialAction":[{"@type":"SearchAction","target":{"@type":"EntryPoint","urlTemplate":"https:\/\/www.maschinenethik.net\/?s={search_term_string}"},"query-input":{"@type":"PropertyValueSpecification","valueRequired":true,"valueName":"search_term_string"}}],"inLanguage":"de"},{"@type":"Person","@id":"https:\/\/www.maschinenethik.net\/#\/schema\/person\/8bb3eb6ac670c6232634a22d062cae95","name":"bendelo","url":"https:\/\/www.maschinenethik.net\/?author=3"}]}},"_links":{"self":[{"href":"https:\/\/www.maschinenethik.net\/index.php?rest_route=\/wp\/v2\/posts\/3146","targetHints":{"allow":["GET"]}}],"collection":[{"href":"https:\/\/www.maschinenethik.net\/index.php?rest_route=\/wp\/v2\/posts"}],"about":[{"href":"https:\/\/www.maschinenethik.net\/index.php?rest_route=\/wp\/v2\/types\/post"}],"author":[{"embeddable":true,"href":"https:\/\/www.maschinenethik.net\/index.php?rest_route=\/wp\/v2\/users\/3"}],"replies":[{"embeddable":true,"href":"https:\/\/www.maschinenethik.net\/index.php?rest_route=%2Fwp%2Fv2%2Fcomments&post=3146"}],"version-history":[{"count":4,"href":"https:\/\/www.maschinenethik.net\/index.php?rest_route=\/wp\/v2\/posts\/3146\/revisions"}],"predecessor-version":[{"id":10080,"href":"https:\/\/www.maschinenethik.net\/index.php?rest_route=\/wp\/v2\/posts\/3146\/revisions\/10080"}],"wp:attachment":[{"href":"https:\/\/www.maschinenethik.net\/index.php?rest_route=%2Fwp%2Fv2%2Fmedia&parent=3146"}],"wp:term":[{"taxonomy":"category","embeddable":true,"href":"https:\/\/www.maschinenethik.net\/index.php?rest_route=%2Fwp%2Fv2%2Fcategories&post=3146"},{"taxonomy":"post_tag","embeddable":true,"href":"https:\/\/www.maschinenethik.net\/index.php?rest_route=%2Fwp%2Fv2%2Ftags&post=3146"}],"curies":[{"name":"wp","href":"https:\/\/api.w.org\/{rel}","templated":true}]}}