{"id":3183,"date":"2016-11-09T09:02:46","date_gmt":"2016-11-09T09:02:46","guid":{"rendered":"http:\/\/maschinenethik.net\/?p=3183"},"modified":"2022-10-09T20:17:37","modified_gmt":"2022-10-09T20:17:37","slug":"internationale-konferenz-zur-maschinenethik","status":"publish","type":"post","link":"https:\/\/www.maschinenethik.net\/?p=3183","title":{"rendered":"Internationale Konferenz zur Maschinenethik"},"content":{"rendered":"<p>Die Konferenz &#8222;Machine Ethics and Machine Law&#8220; am 18. und 19. November in Krakau d\u00fcrfte nach dem Symposium &#8222;Ethical and Moral Considerations in Non-Human Agents&#8220; (21. &#8211; 23. M\u00e4rz in <a href=\"https:\/\/maschinenethik.net\/?p=2269\" rel=\"noopener\">Stanford<\/a>) die wichtigste internationale Konferenz f\u00fcr Maschinenethik im Jahre 2016 sein. Die Keynotes am 19. November stammen von\u00a0Ron Arkin (&#8222;Lethal Autonomous Robots and the Plight of the Noncombatant&#8220;) und Amit Pandey (&#8222;Contemporary Issues on Ethical Intelligence of a Socially Intelligent Consumer Robot&#8220;). In der darauffolgenden Podiumsdiskussion geht es um die Frage: &#8222;Should we develop robots that deceive?&#8220; Es diskutieren Ron Arkin, Oliver Bendel, Jaap Hage und Mojca Plesnicar. In den Sessions am Nachmittag referieren u.a. Oliver Bendel, Lily Frank und Kathleen Richardson. Jaap Hage h\u00e4lt am 19. November seine Keynote zur Frage &#8222;Under which circumstances can we hold a machine responsible for its acts?&#8220;, Ewa Lukasik ihre Keynote \u00fcber &#8222;Human Autonomy and the Hazards of Principle Agency in an Era of Expanding AI&#8220;. Es folgen eine weitere Podiumsdiskussion und Vortr\u00e4ge u.a. von Lu\u00eds Moniz Pereira und Georgi Stojanov. Das gesamte Programm kann \u00fcber die Website der Konferenz eingesehen werden; dort findet sich auch der <a href=\"https:\/\/maschinenethik.net\/wp-content\/uploads\/2016\/11\/PROCEEDINGS_MEML_2016.pdf\" target=\"_blank\" rel=\"noopener\">Proceedingsband<\/a> mit den Abstracts.<\/p>\n<p><a href=\"https:\/\/maschinenethik.net\/wp-content\/uploads\/2016\/11\/Quadrokopter.png\"><img loading=\"lazy\" decoding=\"async\" class=\"alignnone size-full wp-image-3187\" src=\"https:\/\/maschinenethik.net\/wp-content\/uploads\/2016\/11\/Quadrokopter.png\" alt=\"quadrokopter\" width=\"1004\" height=\"757\" srcset=\"https:\/\/www.maschinenethik.net\/wp-content\/uploads\/2016\/11\/Quadrokopter.png 1004w, https:\/\/www.maschinenethik.net\/wp-content\/uploads\/2016\/11\/Quadrokopter-300x226.png 300w, https:\/\/www.maschinenethik.net\/wp-content\/uploads\/2016\/11\/Quadrokopter-768x579.png 768w\" sizes=\"auto, (max-width: 767px) 89vw, (max-width: 1000px) 54vw, (max-width: 1071px) 543px, 580px\" \/><\/a><\/p>\n<p>Abb.: Was bringen wir den Maschinen bei?<\/p>\n","protected":false},"excerpt":{"rendered":"<p>Die Konferenz &#8222;Machine Ethics and Machine Law&#8220; am 18. und 19. November in Krakau d\u00fcrfte nach dem Symposium &#8222;Ethical and Moral Considerations in Non-Human Agents&#8220; (21. &#8211; 23. M\u00e4rz in Stanford) die wichtigste internationale Konferenz f\u00fcr Maschinenethik im Jahre 2016 sein. Die Keynotes am 19. November stammen von\u00a0Ron Arkin (&#8222;Lethal Autonomous Robots and the Plight &hellip; <\/p>\n<p class=\"link-more\"><a href=\"https:\/\/www.maschinenethik.net\/?p=3183\" class=\"more-link\"><span class=\"screen-reader-text\">\u201eInternationale Konferenz zur Maschinenethik\u201c <\/span>weiterlesen<\/a><\/p>\n","protected":false},"author":3,"featured_media":0,"comment_status":"closed","ping_status":"open","sticky":false,"template":"","format":"standard","meta":{"footnotes":""},"categories":[4,8],"tags":[397,16,484,485,17,301,407],"class_list":["post-3183","post","type-post","status-publish","format-standard","hentry","category-maschinenethik","category-roboterethik","tag-arkin","tag-konferenz","tag-krakau","tag-krakow","tag-machine-ethics","tag-maschinenethik","tag-pereira"],"yoast_head":"<!-- This site is optimized with the Yoast SEO plugin v27.4 - https:\/\/yoast.com\/product\/yoast-seo-wordpress\/ -->\n<title>Internationale Konferenz zur Maschinenethik - maschinenethik.net<\/title>\n<meta name=\"robots\" content=\"index, follow, max-snippet:-1, max-image-preview:large, max-video-preview:-1\" \/>\n<link rel=\"canonical\" href=\"https:\/\/www.maschinenethik.net\/?p=3183\" \/>\n<meta property=\"og:locale\" content=\"de_DE\" \/>\n<meta property=\"og:type\" content=\"article\" \/>\n<meta property=\"og:title\" content=\"Internationale Konferenz zur Maschinenethik - maschinenethik.net\" \/>\n<meta property=\"og:description\" content=\"Die Konferenz &#8222;Machine Ethics and Machine Law&#8220; am 18. und 19. November in Krakau d\u00fcrfte nach dem Symposium &#8222;Ethical and Moral Considerations in Non-Human Agents&#8220; (21. &#8211; 23. M\u00e4rz in Stanford) die wichtigste internationale Konferenz f\u00fcr Maschinenethik im Jahre 2016 sein. Die Keynotes am 19. November stammen von\u00a0Ron Arkin (&#8222;Lethal Autonomous Robots and the Plight &hellip; \u201eInternationale Konferenz zur Maschinenethik\u201c weiterlesen\" \/>\n<meta property=\"og:url\" content=\"https:\/\/www.maschinenethik.net\/?p=3183\" \/>\n<meta property=\"og:site_name\" content=\"maschinenethik.net\" \/>\n<meta property=\"article:published_time\" content=\"2016-11-09T09:02:46+00:00\" \/>\n<meta property=\"article:modified_time\" content=\"2022-10-09T20:17:37+00:00\" \/>\n<meta property=\"og:image\" content=\"https:\/\/maschinenethik.net\/wp-content\/uploads\/2016\/11\/Quadrokopter.png\" \/>\n<meta name=\"author\" content=\"bendelo\" \/>\n<meta name=\"twitter:card\" content=\"summary_large_image\" \/>\n<meta name=\"twitter:label1\" content=\"Verfasst von\" \/>\n\t<meta name=\"twitter:data1\" content=\"bendelo\" \/>\n\t<meta name=\"twitter:label2\" content=\"Gesch\u00e4tzte Lesezeit\" \/>\n\t<meta name=\"twitter:data2\" content=\"1\u00a0Minute\" \/>\n<script type=\"application\/ld+json\" class=\"yoast-schema-graph\">{\"@context\":\"https:\\\/\\\/schema.org\",\"@graph\":[{\"@type\":\"Article\",\"@id\":\"https:\\\/\\\/www.maschinenethik.net\\\/?p=3183#article\",\"isPartOf\":{\"@id\":\"https:\\\/\\\/www.maschinenethik.net\\\/?p=3183\"},\"author\":{\"name\":\"bendelo\",\"@id\":\"https:\\\/\\\/www.maschinenethik.net\\\/#\\\/schema\\\/person\\\/8bb3eb6ac670c6232634a22d062cae95\"},\"headline\":\"Internationale Konferenz zur Maschinenethik\",\"datePublished\":\"2016-11-09T09:02:46+00:00\",\"dateModified\":\"2022-10-09T20:17:37+00:00\",\"mainEntityOfPage\":{\"@id\":\"https:\\\/\\\/www.maschinenethik.net\\\/?p=3183\"},\"wordCount\":201,\"image\":{\"@id\":\"https:\\\/\\\/www.maschinenethik.net\\\/?p=3183#primaryimage\"},\"thumbnailUrl\":\"https:\\\/\\\/maschinenethik.net\\\/wp-content\\\/uploads\\\/2016\\\/11\\\/Quadrokopter.png\",\"keywords\":[\"Arkin\",\"Konferenz\",\"Krakau\",\"Krak\u00f3w\",\"Machine Ethics\",\"Maschinenethik\",\"Pereira\"],\"articleSection\":[\"Maschinenethik\",\"Roboterethik\"],\"inLanguage\":\"de\"},{\"@type\":\"WebPage\",\"@id\":\"https:\\\/\\\/www.maschinenethik.net\\\/?p=3183\",\"url\":\"https:\\\/\\\/www.maschinenethik.net\\\/?p=3183\",\"name\":\"Internationale Konferenz zur Maschinenethik - maschinenethik.net\",\"isPartOf\":{\"@id\":\"https:\\\/\\\/www.maschinenethik.net\\\/#website\"},\"primaryImageOfPage\":{\"@id\":\"https:\\\/\\\/www.maschinenethik.net\\\/?p=3183#primaryimage\"},\"image\":{\"@id\":\"https:\\\/\\\/www.maschinenethik.net\\\/?p=3183#primaryimage\"},\"thumbnailUrl\":\"https:\\\/\\\/maschinenethik.net\\\/wp-content\\\/uploads\\\/2016\\\/11\\\/Quadrokopter.png\",\"datePublished\":\"2016-11-09T09:02:46+00:00\",\"dateModified\":\"2022-10-09T20:17:37+00:00\",\"author\":{\"@id\":\"https:\\\/\\\/www.maschinenethik.net\\\/#\\\/schema\\\/person\\\/8bb3eb6ac670c6232634a22d062cae95\"},\"breadcrumb\":{\"@id\":\"https:\\\/\\\/www.maschinenethik.net\\\/?p=3183#breadcrumb\"},\"inLanguage\":\"de\",\"potentialAction\":[{\"@type\":\"ReadAction\",\"target\":[\"https:\\\/\\\/www.maschinenethik.net\\\/?p=3183\"]}]},{\"@type\":\"ImageObject\",\"inLanguage\":\"de\",\"@id\":\"https:\\\/\\\/www.maschinenethik.net\\\/?p=3183#primaryimage\",\"url\":\"https:\\\/\\\/maschinenethik.net\\\/wp-content\\\/uploads\\\/2016\\\/11\\\/Quadrokopter.png\",\"contentUrl\":\"https:\\\/\\\/maschinenethik.net\\\/wp-content\\\/uploads\\\/2016\\\/11\\\/Quadrokopter.png\"},{\"@type\":\"BreadcrumbList\",\"@id\":\"https:\\\/\\\/www.maschinenethik.net\\\/?p=3183#breadcrumb\",\"itemListElement\":[{\"@type\":\"ListItem\",\"position\":1,\"name\":\"Startseite\",\"item\":\"https:\\\/\\\/www.maschinenethik.net\\\/\"},{\"@type\":\"ListItem\",\"position\":2,\"name\":\"Internationale Konferenz zur Maschinenethik\"}]},{\"@type\":\"WebSite\",\"@id\":\"https:\\\/\\\/www.maschinenethik.net\\\/#website\",\"url\":\"https:\\\/\\\/www.maschinenethik.net\\\/\",\"name\":\"maschinenethik.net\",\"description\":\"VON OLIVER BENDEL\",\"alternateName\":\"Maschinenethik\",\"potentialAction\":[{\"@type\":\"SearchAction\",\"target\":{\"@type\":\"EntryPoint\",\"urlTemplate\":\"https:\\\/\\\/www.maschinenethik.net\\\/?s={search_term_string}\"},\"query-input\":{\"@type\":\"PropertyValueSpecification\",\"valueRequired\":true,\"valueName\":\"search_term_string\"}}],\"inLanguage\":\"de\"},{\"@type\":\"Person\",\"@id\":\"https:\\\/\\\/www.maschinenethik.net\\\/#\\\/schema\\\/person\\\/8bb3eb6ac670c6232634a22d062cae95\",\"name\":\"bendelo\",\"url\":\"https:\\\/\\\/www.maschinenethik.net\\\/?author=3\"}]}<\/script>\n<!-- \/ Yoast SEO plugin. -->","yoast_head_json":{"title":"Internationale Konferenz zur Maschinenethik - maschinenethik.net","robots":{"index":"index","follow":"follow","max-snippet":"max-snippet:-1","max-image-preview":"max-image-preview:large","max-video-preview":"max-video-preview:-1"},"canonical":"https:\/\/www.maschinenethik.net\/?p=3183","og_locale":"de_DE","og_type":"article","og_title":"Internationale Konferenz zur Maschinenethik - maschinenethik.net","og_description":"Die Konferenz &#8222;Machine Ethics and Machine Law&#8220; am 18. und 19. November in Krakau d\u00fcrfte nach dem Symposium &#8222;Ethical and Moral Considerations in Non-Human Agents&#8220; (21. &#8211; 23. M\u00e4rz in Stanford) die wichtigste internationale Konferenz f\u00fcr Maschinenethik im Jahre 2016 sein. Die Keynotes am 19. November stammen von\u00a0Ron Arkin (&#8222;Lethal Autonomous Robots and the Plight &hellip; \u201eInternationale Konferenz zur Maschinenethik\u201c weiterlesen","og_url":"https:\/\/www.maschinenethik.net\/?p=3183","og_site_name":"maschinenethik.net","article_published_time":"2016-11-09T09:02:46+00:00","article_modified_time":"2022-10-09T20:17:37+00:00","og_image":[{"url":"https:\/\/maschinenethik.net\/wp-content\/uploads\/2016\/11\/Quadrokopter.png","type":"","width":"","height":""}],"author":"bendelo","twitter_card":"summary_large_image","twitter_misc":{"Verfasst von":"bendelo","Gesch\u00e4tzte Lesezeit":"1\u00a0Minute"},"schema":{"@context":"https:\/\/schema.org","@graph":[{"@type":"Article","@id":"https:\/\/www.maschinenethik.net\/?p=3183#article","isPartOf":{"@id":"https:\/\/www.maschinenethik.net\/?p=3183"},"author":{"name":"bendelo","@id":"https:\/\/www.maschinenethik.net\/#\/schema\/person\/8bb3eb6ac670c6232634a22d062cae95"},"headline":"Internationale Konferenz zur Maschinenethik","datePublished":"2016-11-09T09:02:46+00:00","dateModified":"2022-10-09T20:17:37+00:00","mainEntityOfPage":{"@id":"https:\/\/www.maschinenethik.net\/?p=3183"},"wordCount":201,"image":{"@id":"https:\/\/www.maschinenethik.net\/?p=3183#primaryimage"},"thumbnailUrl":"https:\/\/maschinenethik.net\/wp-content\/uploads\/2016\/11\/Quadrokopter.png","keywords":["Arkin","Konferenz","Krakau","Krak\u00f3w","Machine Ethics","Maschinenethik","Pereira"],"articleSection":["Maschinenethik","Roboterethik"],"inLanguage":"de"},{"@type":"WebPage","@id":"https:\/\/www.maschinenethik.net\/?p=3183","url":"https:\/\/www.maschinenethik.net\/?p=3183","name":"Internationale Konferenz zur Maschinenethik - maschinenethik.net","isPartOf":{"@id":"https:\/\/www.maschinenethik.net\/#website"},"primaryImageOfPage":{"@id":"https:\/\/www.maschinenethik.net\/?p=3183#primaryimage"},"image":{"@id":"https:\/\/www.maschinenethik.net\/?p=3183#primaryimage"},"thumbnailUrl":"https:\/\/maschinenethik.net\/wp-content\/uploads\/2016\/11\/Quadrokopter.png","datePublished":"2016-11-09T09:02:46+00:00","dateModified":"2022-10-09T20:17:37+00:00","author":{"@id":"https:\/\/www.maschinenethik.net\/#\/schema\/person\/8bb3eb6ac670c6232634a22d062cae95"},"breadcrumb":{"@id":"https:\/\/www.maschinenethik.net\/?p=3183#breadcrumb"},"inLanguage":"de","potentialAction":[{"@type":"ReadAction","target":["https:\/\/www.maschinenethik.net\/?p=3183"]}]},{"@type":"ImageObject","inLanguage":"de","@id":"https:\/\/www.maschinenethik.net\/?p=3183#primaryimage","url":"https:\/\/maschinenethik.net\/wp-content\/uploads\/2016\/11\/Quadrokopter.png","contentUrl":"https:\/\/maschinenethik.net\/wp-content\/uploads\/2016\/11\/Quadrokopter.png"},{"@type":"BreadcrumbList","@id":"https:\/\/www.maschinenethik.net\/?p=3183#breadcrumb","itemListElement":[{"@type":"ListItem","position":1,"name":"Startseite","item":"https:\/\/www.maschinenethik.net\/"},{"@type":"ListItem","position":2,"name":"Internationale Konferenz zur Maschinenethik"}]},{"@type":"WebSite","@id":"https:\/\/www.maschinenethik.net\/#website","url":"https:\/\/www.maschinenethik.net\/","name":"maschinenethik.net","description":"VON OLIVER BENDEL","alternateName":"Maschinenethik","potentialAction":[{"@type":"SearchAction","target":{"@type":"EntryPoint","urlTemplate":"https:\/\/www.maschinenethik.net\/?s={search_term_string}"},"query-input":{"@type":"PropertyValueSpecification","valueRequired":true,"valueName":"search_term_string"}}],"inLanguage":"de"},{"@type":"Person","@id":"https:\/\/www.maschinenethik.net\/#\/schema\/person\/8bb3eb6ac670c6232634a22d062cae95","name":"bendelo","url":"https:\/\/www.maschinenethik.net\/?author=3"}]}},"_links":{"self":[{"href":"https:\/\/www.maschinenethik.net\/index.php?rest_route=\/wp\/v2\/posts\/3183","targetHints":{"allow":["GET"]}}],"collection":[{"href":"https:\/\/www.maschinenethik.net\/index.php?rest_route=\/wp\/v2\/posts"}],"about":[{"href":"https:\/\/www.maschinenethik.net\/index.php?rest_route=\/wp\/v2\/types\/post"}],"author":[{"embeddable":true,"href":"https:\/\/www.maschinenethik.net\/index.php?rest_route=\/wp\/v2\/users\/3"}],"replies":[{"embeddable":true,"href":"https:\/\/www.maschinenethik.net\/index.php?rest_route=%2Fwp%2Fv2%2Fcomments&post=3183"}],"version-history":[{"count":15,"href":"https:\/\/www.maschinenethik.net\/index.php?rest_route=\/wp\/v2\/posts\/3183\/revisions"}],"predecessor-version":[{"id":8232,"href":"https:\/\/www.maschinenethik.net\/index.php?rest_route=\/wp\/v2\/posts\/3183\/revisions\/8232"}],"wp:attachment":[{"href":"https:\/\/www.maschinenethik.net\/index.php?rest_route=%2Fwp%2Fv2%2Fmedia&parent=3183"}],"wp:term":[{"taxonomy":"category","embeddable":true,"href":"https:\/\/www.maschinenethik.net\/index.php?rest_route=%2Fwp%2Fv2%2Fcategories&post=3183"},{"taxonomy":"post_tag","embeddable":true,"href":"https:\/\/www.maschinenethik.net\/index.php?rest_route=%2Fwp%2Fv2%2Ftags&post=3183"}],"curies":[{"name":"wp","href":"https:\/\/api.w.org\/{rel}","templated":true}]}}