{"id":4281,"date":"2017-11-12T13:43:14","date_gmt":"2017-11-12T13:43:14","guid":{"rendered":"http:\/\/maschinenethik.net\/?p=4281"},"modified":"2017-11-12T14:16:44","modified_gmt":"2017-11-12T14:16:44","slug":"robotik-und-gesundheit","status":"publish","type":"post","link":"https:\/\/www.maschinenethik.net\/?p=4281","title":{"rendered":"Robotik und Gesundheit"},"content":{"rendered":"<p>Bei einer Abendveranstaltung der Organisation der Arbeitswelt (OdA) Gesundheit Bern referierte am 8. November 2017 Prof. Dr. Oliver Bendel zu Operations-, Therapie- und Pflegerobotern. Dabei nahm er sowohl die Perspektive der Informationsethik als auch der Maschinenethik ein. Aus der Maschinenethik heraus fragte er: Soll der Pflegeroboter deutlich machen, dass er nur eine Maschine ist? Muss er die Bed\u00fcrfnisse und Parameter der Patienten ber\u00fccksichtigen? Wie soll er auf Verunsicherung und Angst reagieren? Wie soll er sich bei Dilemmata verhalten, etwa wenn mehrere Personen gepflegt werden sollen? Wie soll er reagieren, wenn der Patient will, dass er ihn t\u00f6tet? Am Ende fasste er zusammen: &#8222;Zum Teil stellen sich zu Operations-, Therapie- und Pflegerobotern aus den Bereichsethiken heraus \u00e4hnliche Fragen, etwa nach der Verantwortung, zum Teil auch unterschiedliche Fragen. Weitere Fragen kann man aus der Maschinenethik heraus aufwerfen. Sie beziehen sich darauf, welche moralischen F\u00e4higkeiten man den Maschinen mitgeben soll.&#8220; Weitere Informationen finden sich <a href=\"https:\/\/www.oda-gesundheit-bern.ch\/newsroom\/aktuell\/?tx_ttnews%5Btt_news%5D=278&amp;cHash=d68f6984961d9c1bb88a47ce7e92c5d3\" target=\"_blank\" rel=\"noopener\">hier<\/a>.<\/p>\n<p><a href=\"https:\/\/maschinenethik.net\/wp-content\/uploads\/2017\/11\/Arzt.png\"><img loading=\"lazy\" decoding=\"async\" class=\"alignnone size-full wp-image-4283\" src=\"https:\/\/maschinenethik.net\/wp-content\/uploads\/2017\/11\/Arzt.png\" alt=\"\" width=\"732\" height=\"968\" srcset=\"https:\/\/www.maschinenethik.net\/wp-content\/uploads\/2017\/11\/Arzt.png 732w, https:\/\/www.maschinenethik.net\/wp-content\/uploads\/2017\/11\/Arzt-227x300.png 227w\" sizes=\"auto, (max-width: 732px) 100vw, 732px\" \/><\/a><\/p>\n<p>Abb.: Werden Pfleger und \u00c4rzte unterst\u00fctzt oder verdr\u00e4ngt?<\/p>\n","protected":false},"excerpt":{"rendered":"<p>Bei einer Abendveranstaltung der Organisation der Arbeitswelt (OdA) Gesundheit Bern referierte am 8. November 2017 Prof. Dr. Oliver Bendel zu Operations-, Therapie- und Pflegerobotern. Dabei nahm er sowohl die Perspektive der Informationsethik als auch der Maschinenethik ein. Aus der Maschinenethik heraus fragte er: Soll der Pflegeroboter deutlich machen, dass er nur eine Maschine ist? Muss &hellip; <\/p>\n<p class=\"link-more\"><a href=\"https:\/\/www.maschinenethik.net\/?p=4281\" class=\"more-link\"><span class=\"screen-reader-text\">\u201eRobotik und Gesundheit\u201c <\/span>weiterlesen<\/a><\/p>\n","protected":false},"author":3,"featured_media":0,"comment_status":"closed","ping_status":"open","sticky":false,"template":"","format":"standard","meta":{"footnotes":""},"categories":[4,8],"tags":[54,301,19,787,49,50],"class_list":["post-4281","post","type-post","status-publish","format-standard","hentry","category-maschinenethik","category-roboterethik","tag-gesundheitsbereich","tag-maschinenethik","tag-medizinethik","tag-oda","tag-pflegeroboter","tag-therapieroboter"],"yoast_head":"<!-- This site is optimized with the Yoast SEO plugin v27.4 - https:\/\/yoast.com\/product\/yoast-seo-wordpress\/ -->\n<title>Robotik und Gesundheit - maschinenethik.net<\/title>\n<meta name=\"robots\" content=\"index, follow, max-snippet:-1, max-image-preview:large, max-video-preview:-1\" \/>\n<link rel=\"canonical\" href=\"https:\/\/www.maschinenethik.net\/?p=4281\" \/>\n<meta property=\"og:locale\" content=\"de_DE\" \/>\n<meta property=\"og:type\" content=\"article\" \/>\n<meta property=\"og:title\" content=\"Robotik und Gesundheit - maschinenethik.net\" \/>\n<meta property=\"og:description\" content=\"Bei einer Abendveranstaltung der Organisation der Arbeitswelt (OdA) Gesundheit Bern referierte am 8. November 2017 Prof. Dr. Oliver Bendel zu Operations-, Therapie- und Pflegerobotern. Dabei nahm er sowohl die Perspektive der Informationsethik als auch der Maschinenethik ein. Aus der Maschinenethik heraus fragte er: Soll der Pflegeroboter deutlich machen, dass er nur eine Maschine ist? Muss &hellip; \u201eRobotik und Gesundheit\u201c weiterlesen\" \/>\n<meta property=\"og:url\" content=\"https:\/\/www.maschinenethik.net\/?p=4281\" \/>\n<meta property=\"og:site_name\" content=\"maschinenethik.net\" \/>\n<meta property=\"article:published_time\" content=\"2017-11-12T13:43:14+00:00\" \/>\n<meta property=\"article:modified_time\" content=\"2017-11-12T14:16:44+00:00\" \/>\n<meta property=\"og:image\" content=\"https:\/\/maschinenethik.net\/wp-content\/uploads\/2017\/11\/Arzt.png\" \/>\n<meta name=\"author\" content=\"bendelo\" \/>\n<meta name=\"twitter:card\" content=\"summary_large_image\" \/>\n<meta name=\"twitter:label1\" content=\"Verfasst von\" \/>\n\t<meta name=\"twitter:data1\" content=\"bendelo\" \/>\n\t<meta name=\"twitter:label2\" content=\"Gesch\u00e4tzte Lesezeit\" \/>\n\t<meta name=\"twitter:data2\" content=\"1\u00a0Minute\" \/>\n<script type=\"application\/ld+json\" class=\"yoast-schema-graph\">{\"@context\":\"https:\\\/\\\/schema.org\",\"@graph\":[{\"@type\":\"Article\",\"@id\":\"https:\\\/\\\/www.maschinenethik.net\\\/?p=4281#article\",\"isPartOf\":{\"@id\":\"https:\\\/\\\/www.maschinenethik.net\\\/?p=4281\"},\"author\":{\"name\":\"bendelo\",\"@id\":\"https:\\\/\\\/www.maschinenethik.net\\\/#\\\/schema\\\/person\\\/8bb3eb6ac670c6232634a22d062cae95\"},\"headline\":\"Robotik und Gesundheit\",\"datePublished\":\"2017-11-12T13:43:14+00:00\",\"dateModified\":\"2017-11-12T14:16:44+00:00\",\"mainEntityOfPage\":{\"@id\":\"https:\\\/\\\/www.maschinenethik.net\\\/?p=4281\"},\"wordCount\":167,\"image\":{\"@id\":\"https:\\\/\\\/www.maschinenethik.net\\\/?p=4281#primaryimage\"},\"thumbnailUrl\":\"https:\\\/\\\/maschinenethik.net\\\/wp-content\\\/uploads\\\/2017\\\/11\\\/Arzt.png\",\"keywords\":[\"Gesundheitsbereich\",\"Maschinenethik\",\"Medizinethik\",\"OdA\",\"Pflegeroboter\",\"Therapieroboter\"],\"articleSection\":[\"Maschinenethik\",\"Roboterethik\"],\"inLanguage\":\"de\"},{\"@type\":\"WebPage\",\"@id\":\"https:\\\/\\\/www.maschinenethik.net\\\/?p=4281\",\"url\":\"https:\\\/\\\/www.maschinenethik.net\\\/?p=4281\",\"name\":\"Robotik und Gesundheit - maschinenethik.net\",\"isPartOf\":{\"@id\":\"https:\\\/\\\/www.maschinenethik.net\\\/#website\"},\"primaryImageOfPage\":{\"@id\":\"https:\\\/\\\/www.maschinenethik.net\\\/?p=4281#primaryimage\"},\"image\":{\"@id\":\"https:\\\/\\\/www.maschinenethik.net\\\/?p=4281#primaryimage\"},\"thumbnailUrl\":\"https:\\\/\\\/maschinenethik.net\\\/wp-content\\\/uploads\\\/2017\\\/11\\\/Arzt.png\",\"datePublished\":\"2017-11-12T13:43:14+00:00\",\"dateModified\":\"2017-11-12T14:16:44+00:00\",\"author\":{\"@id\":\"https:\\\/\\\/www.maschinenethik.net\\\/#\\\/schema\\\/person\\\/8bb3eb6ac670c6232634a22d062cae95\"},\"breadcrumb\":{\"@id\":\"https:\\\/\\\/www.maschinenethik.net\\\/?p=4281#breadcrumb\"},\"inLanguage\":\"de\",\"potentialAction\":[{\"@type\":\"ReadAction\",\"target\":[\"https:\\\/\\\/www.maschinenethik.net\\\/?p=4281\"]}]},{\"@type\":\"ImageObject\",\"inLanguage\":\"de\",\"@id\":\"https:\\\/\\\/www.maschinenethik.net\\\/?p=4281#primaryimage\",\"url\":\"https:\\\/\\\/maschinenethik.net\\\/wp-content\\\/uploads\\\/2017\\\/11\\\/Arzt.png\",\"contentUrl\":\"https:\\\/\\\/maschinenethik.net\\\/wp-content\\\/uploads\\\/2017\\\/11\\\/Arzt.png\"},{\"@type\":\"BreadcrumbList\",\"@id\":\"https:\\\/\\\/www.maschinenethik.net\\\/?p=4281#breadcrumb\",\"itemListElement\":[{\"@type\":\"ListItem\",\"position\":1,\"name\":\"Startseite\",\"item\":\"https:\\\/\\\/www.maschinenethik.net\\\/\"},{\"@type\":\"ListItem\",\"position\":2,\"name\":\"Robotik und Gesundheit\"}]},{\"@type\":\"WebSite\",\"@id\":\"https:\\\/\\\/www.maschinenethik.net\\\/#website\",\"url\":\"https:\\\/\\\/www.maschinenethik.net\\\/\",\"name\":\"maschinenethik.net\",\"description\":\"VON OLIVER BENDEL\",\"alternateName\":\"Maschinenethik\",\"potentialAction\":[{\"@type\":\"SearchAction\",\"target\":{\"@type\":\"EntryPoint\",\"urlTemplate\":\"https:\\\/\\\/www.maschinenethik.net\\\/?s={search_term_string}\"},\"query-input\":{\"@type\":\"PropertyValueSpecification\",\"valueRequired\":true,\"valueName\":\"search_term_string\"}}],\"inLanguage\":\"de\"},{\"@type\":\"Person\",\"@id\":\"https:\\\/\\\/www.maschinenethik.net\\\/#\\\/schema\\\/person\\\/8bb3eb6ac670c6232634a22d062cae95\",\"name\":\"bendelo\",\"url\":\"https:\\\/\\\/www.maschinenethik.net\\\/?author=3\"}]}<\/script>\n<!-- \/ Yoast SEO plugin. -->","yoast_head_json":{"title":"Robotik und Gesundheit - maschinenethik.net","robots":{"index":"index","follow":"follow","max-snippet":"max-snippet:-1","max-image-preview":"max-image-preview:large","max-video-preview":"max-video-preview:-1"},"canonical":"https:\/\/www.maschinenethik.net\/?p=4281","og_locale":"de_DE","og_type":"article","og_title":"Robotik und Gesundheit - maschinenethik.net","og_description":"Bei einer Abendveranstaltung der Organisation der Arbeitswelt (OdA) Gesundheit Bern referierte am 8. November 2017 Prof. Dr. Oliver Bendel zu Operations-, Therapie- und Pflegerobotern. Dabei nahm er sowohl die Perspektive der Informationsethik als auch der Maschinenethik ein. Aus der Maschinenethik heraus fragte er: Soll der Pflegeroboter deutlich machen, dass er nur eine Maschine ist? Muss &hellip; \u201eRobotik und Gesundheit\u201c weiterlesen","og_url":"https:\/\/www.maschinenethik.net\/?p=4281","og_site_name":"maschinenethik.net","article_published_time":"2017-11-12T13:43:14+00:00","article_modified_time":"2017-11-12T14:16:44+00:00","og_image":[{"url":"https:\/\/maschinenethik.net\/wp-content\/uploads\/2017\/11\/Arzt.png","type":"","width":"","height":""}],"author":"bendelo","twitter_card":"summary_large_image","twitter_misc":{"Verfasst von":"bendelo","Gesch\u00e4tzte Lesezeit":"1\u00a0Minute"},"schema":{"@context":"https:\/\/schema.org","@graph":[{"@type":"Article","@id":"https:\/\/www.maschinenethik.net\/?p=4281#article","isPartOf":{"@id":"https:\/\/www.maschinenethik.net\/?p=4281"},"author":{"name":"bendelo","@id":"https:\/\/www.maschinenethik.net\/#\/schema\/person\/8bb3eb6ac670c6232634a22d062cae95"},"headline":"Robotik und Gesundheit","datePublished":"2017-11-12T13:43:14+00:00","dateModified":"2017-11-12T14:16:44+00:00","mainEntityOfPage":{"@id":"https:\/\/www.maschinenethik.net\/?p=4281"},"wordCount":167,"image":{"@id":"https:\/\/www.maschinenethik.net\/?p=4281#primaryimage"},"thumbnailUrl":"https:\/\/maschinenethik.net\/wp-content\/uploads\/2017\/11\/Arzt.png","keywords":["Gesundheitsbereich","Maschinenethik","Medizinethik","OdA","Pflegeroboter","Therapieroboter"],"articleSection":["Maschinenethik","Roboterethik"],"inLanguage":"de"},{"@type":"WebPage","@id":"https:\/\/www.maschinenethik.net\/?p=4281","url":"https:\/\/www.maschinenethik.net\/?p=4281","name":"Robotik und Gesundheit - maschinenethik.net","isPartOf":{"@id":"https:\/\/www.maschinenethik.net\/#website"},"primaryImageOfPage":{"@id":"https:\/\/www.maschinenethik.net\/?p=4281#primaryimage"},"image":{"@id":"https:\/\/www.maschinenethik.net\/?p=4281#primaryimage"},"thumbnailUrl":"https:\/\/maschinenethik.net\/wp-content\/uploads\/2017\/11\/Arzt.png","datePublished":"2017-11-12T13:43:14+00:00","dateModified":"2017-11-12T14:16:44+00:00","author":{"@id":"https:\/\/www.maschinenethik.net\/#\/schema\/person\/8bb3eb6ac670c6232634a22d062cae95"},"breadcrumb":{"@id":"https:\/\/www.maschinenethik.net\/?p=4281#breadcrumb"},"inLanguage":"de","potentialAction":[{"@type":"ReadAction","target":["https:\/\/www.maschinenethik.net\/?p=4281"]}]},{"@type":"ImageObject","inLanguage":"de","@id":"https:\/\/www.maschinenethik.net\/?p=4281#primaryimage","url":"https:\/\/maschinenethik.net\/wp-content\/uploads\/2017\/11\/Arzt.png","contentUrl":"https:\/\/maschinenethik.net\/wp-content\/uploads\/2017\/11\/Arzt.png"},{"@type":"BreadcrumbList","@id":"https:\/\/www.maschinenethik.net\/?p=4281#breadcrumb","itemListElement":[{"@type":"ListItem","position":1,"name":"Startseite","item":"https:\/\/www.maschinenethik.net\/"},{"@type":"ListItem","position":2,"name":"Robotik und Gesundheit"}]},{"@type":"WebSite","@id":"https:\/\/www.maschinenethik.net\/#website","url":"https:\/\/www.maschinenethik.net\/","name":"maschinenethik.net","description":"VON OLIVER BENDEL","alternateName":"Maschinenethik","potentialAction":[{"@type":"SearchAction","target":{"@type":"EntryPoint","urlTemplate":"https:\/\/www.maschinenethik.net\/?s={search_term_string}"},"query-input":{"@type":"PropertyValueSpecification","valueRequired":true,"valueName":"search_term_string"}}],"inLanguage":"de"},{"@type":"Person","@id":"https:\/\/www.maschinenethik.net\/#\/schema\/person\/8bb3eb6ac670c6232634a22d062cae95","name":"bendelo","url":"https:\/\/www.maschinenethik.net\/?author=3"}]}},"_links":{"self":[{"href":"https:\/\/www.maschinenethik.net\/index.php?rest_route=\/wp\/v2\/posts\/4281","targetHints":{"allow":["GET"]}}],"collection":[{"href":"https:\/\/www.maschinenethik.net\/index.php?rest_route=\/wp\/v2\/posts"}],"about":[{"href":"https:\/\/www.maschinenethik.net\/index.php?rest_route=\/wp\/v2\/types\/post"}],"author":[{"embeddable":true,"href":"https:\/\/www.maschinenethik.net\/index.php?rest_route=\/wp\/v2\/users\/3"}],"replies":[{"embeddable":true,"href":"https:\/\/www.maschinenethik.net\/index.php?rest_route=%2Fwp%2Fv2%2Fcomments&post=4281"}],"version-history":[{"count":3,"href":"https:\/\/www.maschinenethik.net\/index.php?rest_route=\/wp\/v2\/posts\/4281\/revisions"}],"predecessor-version":[{"id":4286,"href":"https:\/\/www.maschinenethik.net\/index.php?rest_route=\/wp\/v2\/posts\/4281\/revisions\/4286"}],"wp:attachment":[{"href":"https:\/\/www.maschinenethik.net\/index.php?rest_route=%2Fwp%2Fv2%2Fmedia&parent=4281"}],"wp:term":[{"taxonomy":"category","embeddable":true,"href":"https:\/\/www.maschinenethik.net\/index.php?rest_route=%2Fwp%2Fv2%2Fcategories&post=4281"},{"taxonomy":"post_tag","embeddable":true,"href":"https:\/\/www.maschinenethik.net\/index.php?rest_route=%2Fwp%2Fv2%2Ftags&post=4281"}],"curies":[{"name":"wp","href":"https:\/\/api.w.org\/{rel}","templated":true}]}}