{"id":4375,"date":"2018-01-12T17:56:45","date_gmt":"2018-01-12T17:56:45","guid":{"rendered":"http:\/\/maschinenethik.net\/?p=4375"},"modified":"2022-10-02T18:03:45","modified_gmt":"2022-10-02T18:03:45","slug":"eine-gesellschaftliche-und-politische-revolution","status":"publish","type":"post","link":"https:\/\/www.maschinenethik.net\/?p=4375","title":{"rendered":"Eine gesellschaftliche und politische Revolution"},"content":{"rendered":"<p>WIR KAUFLEUTE ist das Magazin des Kaufm\u00e4nnischen Verbandes Z\u00fcrich. In der Ausgabe von Januar und Februar 2018 geht es um K\u00fcnstliche Intelligenz und Robotik. In der Inhalts\u00fcbersicht findet sich ein Hinweis auf ein Interview mit dem Wirtschaftsinformatiker, Maschinenethiker und Informationsethiker Oliver Bendel: &#8222;Wenn Roboter und KI-Systeme uns Arbeit abnehmen, gen\u00fcgen f\u00fcr uns wom\u00f6glich k\u00fcnftig vier, f\u00fcnf Stunden Arbeitszeit am Tag. Vielleicht muss auf die digitale Revolution, die im Kern eine wirtschaftliche ist, eine gesellschaftliche und politische folgen, sagt der Philosoph und Wirtschaftsinformatiker OLIVER BENDEL.&#8220; (WIR KAUFLEUTE, 1\/2 2018) Das Interview selbst ist auf den Seiten 4 und 5 abgedruckt, unter dem Titel &#8222;K\u00fcnstliche Intelligenz wird uns nicht ausl\u00f6schen&#8220;. Zu Wort kommt zudem Roland Siegwart vom Institut f\u00fcr Robotik und Intelligente Systeme der ETH Z\u00fcrich. Das gesamte Heft kann <a href=\"https:\/\/www.maschinenethik.net\/wp-content\/uploads\/2022\/10\/WK_MAGAZIN_01_02_2018.pdf\" target=\"_blank\" rel=\"noopener\">hier<\/a> heruntergeladen werden.<\/p>\n<p><a href=\"https:\/\/maschinenethik.net\/wp-content\/uploads\/2018\/01\/swiss.png\"><img loading=\"lazy\" decoding=\"async\" class=\"alignnone size-full wp-image-4377\" src=\"https:\/\/maschinenethik.net\/wp-content\/uploads\/2018\/01\/swiss.png\" alt=\"\" width=\"1019\" height=\"613\" srcset=\"https:\/\/www.maschinenethik.net\/wp-content\/uploads\/2018\/01\/swiss.png 1019w, https:\/\/www.maschinenethik.net\/wp-content\/uploads\/2018\/01\/swiss-300x180.png 300w, https:\/\/www.maschinenethik.net\/wp-content\/uploads\/2018\/01\/swiss-768x462.png 768w\" sizes=\"auto, (max-width: 767px) 89vw, (max-width: 1000px) 54vw, (max-width: 1071px) 543px, 580px\" \/><\/a><\/p>\n<p>Abb.: Am Flughafen Z\u00fcrich<\/p>\n","protected":false},"excerpt":{"rendered":"<p>WIR KAUFLEUTE ist das Magazin des Kaufm\u00e4nnischen Verbandes Z\u00fcrich. In der Ausgabe von Januar und Februar 2018 geht es um K\u00fcnstliche Intelligenz und Robotik. In der Inhalts\u00fcbersicht findet sich ein Hinweis auf ein Interview mit dem Wirtschaftsinformatiker, Maschinenethiker und Informationsethiker Oliver Bendel: &#8222;Wenn Roboter und KI-Systeme uns Arbeit abnehmen, gen\u00fcgen f\u00fcr uns wom\u00f6glich k\u00fcnftig vier, &hellip; <\/p>\n<p class=\"link-more\"><a href=\"https:\/\/www.maschinenethik.net\/?p=4375\" class=\"more-link\"><span class=\"screen-reader-text\">\u201eEine gesellschaftliche und politische Revolution\u201c <\/span>weiterlesen<\/a><\/p>\n","protected":false},"author":3,"featured_media":0,"comment_status":"closed","ping_status":"open","sticky":false,"template":"","format":"standard","meta":{"footnotes":""},"categories":[4,8],"tags":[467,302,24,132,301,22,805],"class_list":["post-4375","post","type-post","status-publish","format-standard","hentry","category-maschinenethik","category-roboterethik","tag-ethz","tag-informationsethik","tag-ki","tag-kuenstliche-intelligenz","tag-maschinenethik","tag-robotik","tag-wir-kaufleute"],"yoast_head":"<!-- This site is optimized with the Yoast SEO plugin v27.4 - https:\/\/yoast.com\/product\/yoast-seo-wordpress\/ -->\n<title>Eine gesellschaftliche und politische Revolution - maschinenethik.net<\/title>\n<meta name=\"robots\" content=\"index, follow, max-snippet:-1, max-image-preview:large, max-video-preview:-1\" \/>\n<link rel=\"canonical\" href=\"https:\/\/www.maschinenethik.net\/?p=4375\" \/>\n<meta property=\"og:locale\" content=\"de_DE\" \/>\n<meta property=\"og:type\" content=\"article\" \/>\n<meta property=\"og:title\" content=\"Eine gesellschaftliche und politische Revolution - maschinenethik.net\" \/>\n<meta property=\"og:description\" content=\"WIR KAUFLEUTE ist das Magazin des Kaufm\u00e4nnischen Verbandes Z\u00fcrich. In der Ausgabe von Januar und Februar 2018 geht es um K\u00fcnstliche Intelligenz und Robotik. In der Inhalts\u00fcbersicht findet sich ein Hinweis auf ein Interview mit dem Wirtschaftsinformatiker, Maschinenethiker und Informationsethiker Oliver Bendel: &#8222;Wenn Roboter und KI-Systeme uns Arbeit abnehmen, gen\u00fcgen f\u00fcr uns wom\u00f6glich k\u00fcnftig vier, &hellip; \u201eEine gesellschaftliche und politische Revolution\u201c weiterlesen\" \/>\n<meta property=\"og:url\" content=\"https:\/\/www.maschinenethik.net\/?p=4375\" \/>\n<meta property=\"og:site_name\" content=\"maschinenethik.net\" \/>\n<meta property=\"article:published_time\" content=\"2018-01-12T17:56:45+00:00\" \/>\n<meta property=\"article:modified_time\" content=\"2022-10-02T18:03:45+00:00\" \/>\n<meta property=\"og:image\" content=\"https:\/\/maschinenethik.net\/wp-content\/uploads\/2018\/01\/swiss.png\" \/>\n<meta name=\"author\" content=\"bendelo\" \/>\n<meta name=\"twitter:card\" content=\"summary_large_image\" \/>\n<meta name=\"twitter:label1\" content=\"Verfasst von\" \/>\n\t<meta name=\"twitter:data1\" content=\"bendelo\" \/>\n\t<meta name=\"twitter:label2\" content=\"Gesch\u00e4tzte Lesezeit\" \/>\n\t<meta name=\"twitter:data2\" content=\"1\u00a0Minute\" \/>\n<script type=\"application\/ld+json\" class=\"yoast-schema-graph\">{\"@context\":\"https:\\\/\\\/schema.org\",\"@graph\":[{\"@type\":\"Article\",\"@id\":\"https:\\\/\\\/www.maschinenethik.net\\\/?p=4375#article\",\"isPartOf\":{\"@id\":\"https:\\\/\\\/www.maschinenethik.net\\\/?p=4375\"},\"author\":{\"name\":\"bendelo\",\"@id\":\"https:\\\/\\\/www.maschinenethik.net\\\/#\\\/schema\\\/person\\\/8bb3eb6ac670c6232634a22d062cae95\"},\"headline\":\"Eine gesellschaftliche und politische Revolution\",\"datePublished\":\"2018-01-12T17:56:45+00:00\",\"dateModified\":\"2022-10-02T18:03:45+00:00\",\"mainEntityOfPage\":{\"@id\":\"https:\\\/\\\/www.maschinenethik.net\\\/?p=4375\"},\"wordCount\":149,\"image\":{\"@id\":\"https:\\\/\\\/www.maschinenethik.net\\\/?p=4375#primaryimage\"},\"thumbnailUrl\":\"https:\\\/\\\/maschinenethik.net\\\/wp-content\\\/uploads\\\/2018\\\/01\\\/swiss.png\",\"keywords\":[\"ETHZ\",\"Informationsethik\",\"KI\",\"K\u00fcnstliche Intelligenz\",\"Maschinenethik\",\"Robotik\",\"WIR KAUFLEUTE\"],\"articleSection\":[\"Maschinenethik\",\"Roboterethik\"],\"inLanguage\":\"de\"},{\"@type\":\"WebPage\",\"@id\":\"https:\\\/\\\/www.maschinenethik.net\\\/?p=4375\",\"url\":\"https:\\\/\\\/www.maschinenethik.net\\\/?p=4375\",\"name\":\"Eine gesellschaftliche und politische Revolution - maschinenethik.net\",\"isPartOf\":{\"@id\":\"https:\\\/\\\/www.maschinenethik.net\\\/#website\"},\"primaryImageOfPage\":{\"@id\":\"https:\\\/\\\/www.maschinenethik.net\\\/?p=4375#primaryimage\"},\"image\":{\"@id\":\"https:\\\/\\\/www.maschinenethik.net\\\/?p=4375#primaryimage\"},\"thumbnailUrl\":\"https:\\\/\\\/maschinenethik.net\\\/wp-content\\\/uploads\\\/2018\\\/01\\\/swiss.png\",\"datePublished\":\"2018-01-12T17:56:45+00:00\",\"dateModified\":\"2022-10-02T18:03:45+00:00\",\"author\":{\"@id\":\"https:\\\/\\\/www.maschinenethik.net\\\/#\\\/schema\\\/person\\\/8bb3eb6ac670c6232634a22d062cae95\"},\"breadcrumb\":{\"@id\":\"https:\\\/\\\/www.maschinenethik.net\\\/?p=4375#breadcrumb\"},\"inLanguage\":\"de\",\"potentialAction\":[{\"@type\":\"ReadAction\",\"target\":[\"https:\\\/\\\/www.maschinenethik.net\\\/?p=4375\"]}]},{\"@type\":\"ImageObject\",\"inLanguage\":\"de\",\"@id\":\"https:\\\/\\\/www.maschinenethik.net\\\/?p=4375#primaryimage\",\"url\":\"https:\\\/\\\/maschinenethik.net\\\/wp-content\\\/uploads\\\/2018\\\/01\\\/swiss.png\",\"contentUrl\":\"https:\\\/\\\/maschinenethik.net\\\/wp-content\\\/uploads\\\/2018\\\/01\\\/swiss.png\"},{\"@type\":\"BreadcrumbList\",\"@id\":\"https:\\\/\\\/www.maschinenethik.net\\\/?p=4375#breadcrumb\",\"itemListElement\":[{\"@type\":\"ListItem\",\"position\":1,\"name\":\"Startseite\",\"item\":\"https:\\\/\\\/www.maschinenethik.net\\\/\"},{\"@type\":\"ListItem\",\"position\":2,\"name\":\"Eine gesellschaftliche und politische Revolution\"}]},{\"@type\":\"WebSite\",\"@id\":\"https:\\\/\\\/www.maschinenethik.net\\\/#website\",\"url\":\"https:\\\/\\\/www.maschinenethik.net\\\/\",\"name\":\"maschinenethik.net\",\"description\":\"VON OLIVER BENDEL\",\"alternateName\":\"Maschinenethik\",\"potentialAction\":[{\"@type\":\"SearchAction\",\"target\":{\"@type\":\"EntryPoint\",\"urlTemplate\":\"https:\\\/\\\/www.maschinenethik.net\\\/?s={search_term_string}\"},\"query-input\":{\"@type\":\"PropertyValueSpecification\",\"valueRequired\":true,\"valueName\":\"search_term_string\"}}],\"inLanguage\":\"de\"},{\"@type\":\"Person\",\"@id\":\"https:\\\/\\\/www.maschinenethik.net\\\/#\\\/schema\\\/person\\\/8bb3eb6ac670c6232634a22d062cae95\",\"name\":\"bendelo\",\"url\":\"https:\\\/\\\/www.maschinenethik.net\\\/?author=3\"}]}<\/script>\n<!-- \/ Yoast SEO plugin. -->","yoast_head_json":{"title":"Eine gesellschaftliche und politische Revolution - maschinenethik.net","robots":{"index":"index","follow":"follow","max-snippet":"max-snippet:-1","max-image-preview":"max-image-preview:large","max-video-preview":"max-video-preview:-1"},"canonical":"https:\/\/www.maschinenethik.net\/?p=4375","og_locale":"de_DE","og_type":"article","og_title":"Eine gesellschaftliche und politische Revolution - maschinenethik.net","og_description":"WIR KAUFLEUTE ist das Magazin des Kaufm\u00e4nnischen Verbandes Z\u00fcrich. In der Ausgabe von Januar und Februar 2018 geht es um K\u00fcnstliche Intelligenz und Robotik. In der Inhalts\u00fcbersicht findet sich ein Hinweis auf ein Interview mit dem Wirtschaftsinformatiker, Maschinenethiker und Informationsethiker Oliver Bendel: &#8222;Wenn Roboter und KI-Systeme uns Arbeit abnehmen, gen\u00fcgen f\u00fcr uns wom\u00f6glich k\u00fcnftig vier, &hellip; \u201eEine gesellschaftliche und politische Revolution\u201c weiterlesen","og_url":"https:\/\/www.maschinenethik.net\/?p=4375","og_site_name":"maschinenethik.net","article_published_time":"2018-01-12T17:56:45+00:00","article_modified_time":"2022-10-02T18:03:45+00:00","og_image":[{"url":"https:\/\/maschinenethik.net\/wp-content\/uploads\/2018\/01\/swiss.png","type":"","width":"","height":""}],"author":"bendelo","twitter_card":"summary_large_image","twitter_misc":{"Verfasst von":"bendelo","Gesch\u00e4tzte Lesezeit":"1\u00a0Minute"},"schema":{"@context":"https:\/\/schema.org","@graph":[{"@type":"Article","@id":"https:\/\/www.maschinenethik.net\/?p=4375#article","isPartOf":{"@id":"https:\/\/www.maschinenethik.net\/?p=4375"},"author":{"name":"bendelo","@id":"https:\/\/www.maschinenethik.net\/#\/schema\/person\/8bb3eb6ac670c6232634a22d062cae95"},"headline":"Eine gesellschaftliche und politische Revolution","datePublished":"2018-01-12T17:56:45+00:00","dateModified":"2022-10-02T18:03:45+00:00","mainEntityOfPage":{"@id":"https:\/\/www.maschinenethik.net\/?p=4375"},"wordCount":149,"image":{"@id":"https:\/\/www.maschinenethik.net\/?p=4375#primaryimage"},"thumbnailUrl":"https:\/\/maschinenethik.net\/wp-content\/uploads\/2018\/01\/swiss.png","keywords":["ETHZ","Informationsethik","KI","K\u00fcnstliche Intelligenz","Maschinenethik","Robotik","WIR KAUFLEUTE"],"articleSection":["Maschinenethik","Roboterethik"],"inLanguage":"de"},{"@type":"WebPage","@id":"https:\/\/www.maschinenethik.net\/?p=4375","url":"https:\/\/www.maschinenethik.net\/?p=4375","name":"Eine gesellschaftliche und politische Revolution - maschinenethik.net","isPartOf":{"@id":"https:\/\/www.maschinenethik.net\/#website"},"primaryImageOfPage":{"@id":"https:\/\/www.maschinenethik.net\/?p=4375#primaryimage"},"image":{"@id":"https:\/\/www.maschinenethik.net\/?p=4375#primaryimage"},"thumbnailUrl":"https:\/\/maschinenethik.net\/wp-content\/uploads\/2018\/01\/swiss.png","datePublished":"2018-01-12T17:56:45+00:00","dateModified":"2022-10-02T18:03:45+00:00","author":{"@id":"https:\/\/www.maschinenethik.net\/#\/schema\/person\/8bb3eb6ac670c6232634a22d062cae95"},"breadcrumb":{"@id":"https:\/\/www.maschinenethik.net\/?p=4375#breadcrumb"},"inLanguage":"de","potentialAction":[{"@type":"ReadAction","target":["https:\/\/www.maschinenethik.net\/?p=4375"]}]},{"@type":"ImageObject","inLanguage":"de","@id":"https:\/\/www.maschinenethik.net\/?p=4375#primaryimage","url":"https:\/\/maschinenethik.net\/wp-content\/uploads\/2018\/01\/swiss.png","contentUrl":"https:\/\/maschinenethik.net\/wp-content\/uploads\/2018\/01\/swiss.png"},{"@type":"BreadcrumbList","@id":"https:\/\/www.maschinenethik.net\/?p=4375#breadcrumb","itemListElement":[{"@type":"ListItem","position":1,"name":"Startseite","item":"https:\/\/www.maschinenethik.net\/"},{"@type":"ListItem","position":2,"name":"Eine gesellschaftliche und politische Revolution"}]},{"@type":"WebSite","@id":"https:\/\/www.maschinenethik.net\/#website","url":"https:\/\/www.maschinenethik.net\/","name":"maschinenethik.net","description":"VON OLIVER BENDEL","alternateName":"Maschinenethik","potentialAction":[{"@type":"SearchAction","target":{"@type":"EntryPoint","urlTemplate":"https:\/\/www.maschinenethik.net\/?s={search_term_string}"},"query-input":{"@type":"PropertyValueSpecification","valueRequired":true,"valueName":"search_term_string"}}],"inLanguage":"de"},{"@type":"Person","@id":"https:\/\/www.maschinenethik.net\/#\/schema\/person\/8bb3eb6ac670c6232634a22d062cae95","name":"bendelo","url":"https:\/\/www.maschinenethik.net\/?author=3"}]}},"_links":{"self":[{"href":"https:\/\/www.maschinenethik.net\/index.php?rest_route=\/wp\/v2\/posts\/4375","targetHints":{"allow":["GET"]}}],"collection":[{"href":"https:\/\/www.maschinenethik.net\/index.php?rest_route=\/wp\/v2\/posts"}],"about":[{"href":"https:\/\/www.maschinenethik.net\/index.php?rest_route=\/wp\/v2\/types\/post"}],"author":[{"embeddable":true,"href":"https:\/\/www.maschinenethik.net\/index.php?rest_route=\/wp\/v2\/users\/3"}],"replies":[{"embeddable":true,"href":"https:\/\/www.maschinenethik.net\/index.php?rest_route=%2Fwp%2Fv2%2Fcomments&post=4375"}],"version-history":[{"count":3,"href":"https:\/\/www.maschinenethik.net\/index.php?rest_route=\/wp\/v2\/posts\/4375\/revisions"}],"predecessor-version":[{"id":8001,"href":"https:\/\/www.maschinenethik.net\/index.php?rest_route=\/wp\/v2\/posts\/4375\/revisions\/8001"}],"wp:attachment":[{"href":"https:\/\/www.maschinenethik.net\/index.php?rest_route=%2Fwp%2Fv2%2Fmedia&parent=4375"}],"wp:term":[{"taxonomy":"category","embeddable":true,"href":"https:\/\/www.maschinenethik.net\/index.php?rest_route=%2Fwp%2Fv2%2Fcategories&post=4375"},{"taxonomy":"post_tag","embeddable":true,"href":"https:\/\/www.maschinenethik.net\/index.php?rest_route=%2Fwp%2Fv2%2Ftags&post=4375"}],"curies":[{"name":"wp","href":"https:\/\/api.w.org\/{rel}","templated":true}]}}