{"id":4533,"date":"2018-03-20T16:09:30","date_gmt":"2018-03-20T16:09:30","guid":{"rendered":"http:\/\/maschinenethik.net\/?p=4533"},"modified":"2018-03-21T15:50:06","modified_gmt":"2018-03-21T15:50:06","slug":"autonomes-fahren-toetet","status":"publish","type":"post","link":"https:\/\/www.maschinenethik.net\/?p=4533","title":{"rendered":"Autonomes Fahren t\u00f6tet"},"content":{"rendered":"<p>In Tempe (Arizona) ist am 19. M\u00e4rz 2018 bei einem Unfall mit einem Uber-Roboterauto eine Frau ums Leben gekommen. Sie schob ihr Fahrrad, als sie die Fahrbahn betrat. Der Insasse des Fahrzeugs griff nicht ein. Philipp Vetter von der Welt war am 20. M\u00e4rz 2018 im Gespr\u00e4ch mit Oliver Bendel. Der Informations- und Maschinenethiker pl\u00e4diert seit Jahren daf\u00fcr, hoch- und vollautomatisierten Individualverkehr in erster Linie auf Autobahnen stattfinden zu lassen. Dort wird seiner Ansicht nach Leben gesch\u00fctzt. Was Uber und Co. in amerikanischen St\u00e4dten machen, h\u00e4lt er f\u00fcr leichtfertig, unabh\u00e4ngig vom aktuellen Fall. Immer wieder hat er sich auch ein Bild vor Ort gemacht, etwa in San Francisco, wo selbstst\u00e4ndig fahrende Autos im dichtesten Verkehr anzutreffen sind. Er r\u00e4t dazu, solche Tests einzustellen und sich auf die Beherrschung von Autobahnen &#8211; recht leicht &#8211; und Landstra\u00dfen &#8211; recht schwierig &#8211; zu konzentrieren. Der Beitrag &#8222;Autonomes Fahren t\u00f6tet. Warum? Weshalb? Egal!&#8220; wurde am 20. M\u00e4rz 2018 ver\u00f6ffentlicht und ist \u00fcber <a href=\"https:\/\/www.welt.de\/wirtschaft\/article174745972\/Uber-Unfall-mit-selbstfahrendem-Fahrzeug-koennte-Technik-zurueckwerfen.html\" target=\"_blank\" rel=\"noopener\">www.welt.de\/wirtschaft\/article174745972\/Uber-Unfall-mit-selbstfahrendem-Fahrzeug-koennte-Technik-zurueckwerfen.html<\/a> aufrufbar.<\/p>\n<p><a href=\"https:\/\/maschinenethik.net\/wp-content\/uploads\/2018\/03\/Verbotsschild.png\"><img loading=\"lazy\" decoding=\"async\" class=\"alignnone size-full wp-image-4535\" src=\"https:\/\/maschinenethik.net\/wp-content\/uploads\/2018\/03\/Verbotsschild.png\" alt=\"\" width=\"2000\" height=\"2005\" srcset=\"https:\/\/www.maschinenethik.net\/wp-content\/uploads\/2018\/03\/Verbotsschild.png 2000w, https:\/\/www.maschinenethik.net\/wp-content\/uploads\/2018\/03\/Verbotsschild-150x150.png 150w, https:\/\/www.maschinenethik.net\/wp-content\/uploads\/2018\/03\/Verbotsschild-300x300.png 300w, https:\/\/www.maschinenethik.net\/wp-content\/uploads\/2018\/03\/Verbotsschild-768x770.png 768w, https:\/\/www.maschinenethik.net\/wp-content\/uploads\/2018\/03\/Verbotsschild-1021x1024.png 1021w\" sizes=\"auto, (max-width: 767px) 89vw, (max-width: 1000px) 54vw, (max-width: 1071px) 543px, 580px\" \/><\/a><\/p>\n<p>Abb.: M\u00fcssen Roboterautos in St\u00e4dten verboten werden?<\/p>\n","protected":false},"excerpt":{"rendered":"<p>In Tempe (Arizona) ist am 19. M\u00e4rz 2018 bei einem Unfall mit einem Uber-Roboterauto eine Frau ums Leben gekommen. Sie schob ihr Fahrrad, als sie die Fahrbahn betrat. Der Insasse des Fahrzeugs griff nicht ein. Philipp Vetter von der Welt war am 20. M\u00e4rz 2018 im Gespr\u00e4ch mit Oliver Bendel. Der Informations- und Maschinenethiker pl\u00e4diert &hellip; <\/p>\n<p class=\"link-more\"><a href=\"https:\/\/www.maschinenethik.net\/?p=4533\" class=\"more-link\"><span class=\"screen-reader-text\">\u201eAutonomes Fahren t\u00f6tet\u201c <\/span>weiterlesen<\/a><\/p>\n","protected":false},"author":3,"featured_media":0,"comment_status":"closed","ping_status":"open","sticky":false,"template":"","format":"standard","meta":{"footnotes":""},"categories":[4,832],"tags":[235,301,60,843,289],"class_list":["post-4533","post","type-post","status-publish","format-standard","hentry","category-maschinenethik","category-roboterphilosophie","tag-autonomes-fahren","tag-maschinenethik","tag-roboterautos","tag-uber","tag-welt"],"yoast_head":"<!-- This site is optimized with the Yoast SEO plugin v27.4 - https:\/\/yoast.com\/product\/yoast-seo-wordpress\/ -->\n<title>Autonomes Fahren t\u00f6tet - maschinenethik.net<\/title>\n<meta name=\"robots\" content=\"index, follow, max-snippet:-1, max-image-preview:large, max-video-preview:-1\" \/>\n<link rel=\"canonical\" href=\"https:\/\/www.maschinenethik.net\/?p=4533\" \/>\n<meta property=\"og:locale\" content=\"de_DE\" \/>\n<meta property=\"og:type\" content=\"article\" \/>\n<meta property=\"og:title\" content=\"Autonomes Fahren t\u00f6tet - maschinenethik.net\" \/>\n<meta property=\"og:description\" content=\"In Tempe (Arizona) ist am 19. M\u00e4rz 2018 bei einem Unfall mit einem Uber-Roboterauto eine Frau ums Leben gekommen. Sie schob ihr Fahrrad, als sie die Fahrbahn betrat. Der Insasse des Fahrzeugs griff nicht ein. Philipp Vetter von der Welt war am 20. M\u00e4rz 2018 im Gespr\u00e4ch mit Oliver Bendel. Der Informations- und Maschinenethiker pl\u00e4diert &hellip; \u201eAutonomes Fahren t\u00f6tet\u201c weiterlesen\" \/>\n<meta property=\"og:url\" content=\"https:\/\/www.maschinenethik.net\/?p=4533\" \/>\n<meta property=\"og:site_name\" content=\"maschinenethik.net\" \/>\n<meta property=\"article:published_time\" content=\"2018-03-20T16:09:30+00:00\" \/>\n<meta property=\"article:modified_time\" content=\"2018-03-21T15:50:06+00:00\" \/>\n<meta property=\"og:image\" content=\"https:\/\/maschinenethik.net\/wp-content\/uploads\/2018\/03\/Verbotsschild.png\" \/>\n<meta name=\"author\" content=\"bendelo\" \/>\n<meta name=\"twitter:card\" content=\"summary_large_image\" \/>\n<meta name=\"twitter:label1\" content=\"Verfasst von\" \/>\n\t<meta name=\"twitter:data1\" content=\"bendelo\" \/>\n\t<meta name=\"twitter:label2\" content=\"Gesch\u00e4tzte Lesezeit\" \/>\n\t<meta name=\"twitter:data2\" content=\"1\u00a0Minute\" \/>\n<script type=\"application\/ld+json\" class=\"yoast-schema-graph\">{\"@context\":\"https:\\\/\\\/schema.org\",\"@graph\":[{\"@type\":\"Article\",\"@id\":\"https:\\\/\\\/www.maschinenethik.net\\\/?p=4533#article\",\"isPartOf\":{\"@id\":\"https:\\\/\\\/www.maschinenethik.net\\\/?p=4533\"},\"author\":{\"name\":\"bendelo\",\"@id\":\"https:\\\/\\\/www.maschinenethik.net\\\/#\\\/schema\\\/person\\\/8bb3eb6ac670c6232634a22d062cae95\"},\"headline\":\"Autonomes Fahren t\u00f6tet\",\"datePublished\":\"2018-03-20T16:09:30+00:00\",\"dateModified\":\"2018-03-21T15:50:06+00:00\",\"mainEntityOfPage\":{\"@id\":\"https:\\\/\\\/www.maschinenethik.net\\\/?p=4533\"},\"wordCount\":190,\"image\":{\"@id\":\"https:\\\/\\\/www.maschinenethik.net\\\/?p=4533#primaryimage\"},\"thumbnailUrl\":\"https:\\\/\\\/maschinenethik.net\\\/wp-content\\\/uploads\\\/2018\\\/03\\\/Verbotsschild.png\",\"keywords\":[\"Autonomes Fahren\",\"Maschinenethik\",\"Roboterautos\",\"Uber\",\"WELT\"],\"articleSection\":[\"Maschinenethik\",\"Roboterphilosophie\"],\"inLanguage\":\"de\"},{\"@type\":\"WebPage\",\"@id\":\"https:\\\/\\\/www.maschinenethik.net\\\/?p=4533\",\"url\":\"https:\\\/\\\/www.maschinenethik.net\\\/?p=4533\",\"name\":\"Autonomes Fahren t\u00f6tet - maschinenethik.net\",\"isPartOf\":{\"@id\":\"https:\\\/\\\/www.maschinenethik.net\\\/#website\"},\"primaryImageOfPage\":{\"@id\":\"https:\\\/\\\/www.maschinenethik.net\\\/?p=4533#primaryimage\"},\"image\":{\"@id\":\"https:\\\/\\\/www.maschinenethik.net\\\/?p=4533#primaryimage\"},\"thumbnailUrl\":\"https:\\\/\\\/maschinenethik.net\\\/wp-content\\\/uploads\\\/2018\\\/03\\\/Verbotsschild.png\",\"datePublished\":\"2018-03-20T16:09:30+00:00\",\"dateModified\":\"2018-03-21T15:50:06+00:00\",\"author\":{\"@id\":\"https:\\\/\\\/www.maschinenethik.net\\\/#\\\/schema\\\/person\\\/8bb3eb6ac670c6232634a22d062cae95\"},\"breadcrumb\":{\"@id\":\"https:\\\/\\\/www.maschinenethik.net\\\/?p=4533#breadcrumb\"},\"inLanguage\":\"de\",\"potentialAction\":[{\"@type\":\"ReadAction\",\"target\":[\"https:\\\/\\\/www.maschinenethik.net\\\/?p=4533\"]}]},{\"@type\":\"ImageObject\",\"inLanguage\":\"de\",\"@id\":\"https:\\\/\\\/www.maschinenethik.net\\\/?p=4533#primaryimage\",\"url\":\"https:\\\/\\\/maschinenethik.net\\\/wp-content\\\/uploads\\\/2018\\\/03\\\/Verbotsschild.png\",\"contentUrl\":\"https:\\\/\\\/maschinenethik.net\\\/wp-content\\\/uploads\\\/2018\\\/03\\\/Verbotsschild.png\"},{\"@type\":\"BreadcrumbList\",\"@id\":\"https:\\\/\\\/www.maschinenethik.net\\\/?p=4533#breadcrumb\",\"itemListElement\":[{\"@type\":\"ListItem\",\"position\":1,\"name\":\"Startseite\",\"item\":\"https:\\\/\\\/www.maschinenethik.net\\\/\"},{\"@type\":\"ListItem\",\"position\":2,\"name\":\"Autonomes Fahren t\u00f6tet\"}]},{\"@type\":\"WebSite\",\"@id\":\"https:\\\/\\\/www.maschinenethik.net\\\/#website\",\"url\":\"https:\\\/\\\/www.maschinenethik.net\\\/\",\"name\":\"maschinenethik.net\",\"description\":\"VON OLIVER BENDEL\",\"alternateName\":\"Maschinenethik\",\"potentialAction\":[{\"@type\":\"SearchAction\",\"target\":{\"@type\":\"EntryPoint\",\"urlTemplate\":\"https:\\\/\\\/www.maschinenethik.net\\\/?s={search_term_string}\"},\"query-input\":{\"@type\":\"PropertyValueSpecification\",\"valueRequired\":true,\"valueName\":\"search_term_string\"}}],\"inLanguage\":\"de\"},{\"@type\":\"Person\",\"@id\":\"https:\\\/\\\/www.maschinenethik.net\\\/#\\\/schema\\\/person\\\/8bb3eb6ac670c6232634a22d062cae95\",\"name\":\"bendelo\",\"url\":\"https:\\\/\\\/www.maschinenethik.net\\\/?author=3\"}]}<\/script>\n<!-- \/ Yoast SEO plugin. -->","yoast_head_json":{"title":"Autonomes Fahren t\u00f6tet - maschinenethik.net","robots":{"index":"index","follow":"follow","max-snippet":"max-snippet:-1","max-image-preview":"max-image-preview:large","max-video-preview":"max-video-preview:-1"},"canonical":"https:\/\/www.maschinenethik.net\/?p=4533","og_locale":"de_DE","og_type":"article","og_title":"Autonomes Fahren t\u00f6tet - maschinenethik.net","og_description":"In Tempe (Arizona) ist am 19. M\u00e4rz 2018 bei einem Unfall mit einem Uber-Roboterauto eine Frau ums Leben gekommen. Sie schob ihr Fahrrad, als sie die Fahrbahn betrat. Der Insasse des Fahrzeugs griff nicht ein. Philipp Vetter von der Welt war am 20. M\u00e4rz 2018 im Gespr\u00e4ch mit Oliver Bendel. Der Informations- und Maschinenethiker pl\u00e4diert &hellip; \u201eAutonomes Fahren t\u00f6tet\u201c weiterlesen","og_url":"https:\/\/www.maschinenethik.net\/?p=4533","og_site_name":"maschinenethik.net","article_published_time":"2018-03-20T16:09:30+00:00","article_modified_time":"2018-03-21T15:50:06+00:00","og_image":[{"url":"https:\/\/maschinenethik.net\/wp-content\/uploads\/2018\/03\/Verbotsschild.png","type":"","width":"","height":""}],"author":"bendelo","twitter_card":"summary_large_image","twitter_misc":{"Verfasst von":"bendelo","Gesch\u00e4tzte Lesezeit":"1\u00a0Minute"},"schema":{"@context":"https:\/\/schema.org","@graph":[{"@type":"Article","@id":"https:\/\/www.maschinenethik.net\/?p=4533#article","isPartOf":{"@id":"https:\/\/www.maschinenethik.net\/?p=4533"},"author":{"name":"bendelo","@id":"https:\/\/www.maschinenethik.net\/#\/schema\/person\/8bb3eb6ac670c6232634a22d062cae95"},"headline":"Autonomes Fahren t\u00f6tet","datePublished":"2018-03-20T16:09:30+00:00","dateModified":"2018-03-21T15:50:06+00:00","mainEntityOfPage":{"@id":"https:\/\/www.maschinenethik.net\/?p=4533"},"wordCount":190,"image":{"@id":"https:\/\/www.maschinenethik.net\/?p=4533#primaryimage"},"thumbnailUrl":"https:\/\/maschinenethik.net\/wp-content\/uploads\/2018\/03\/Verbotsschild.png","keywords":["Autonomes Fahren","Maschinenethik","Roboterautos","Uber","WELT"],"articleSection":["Maschinenethik","Roboterphilosophie"],"inLanguage":"de"},{"@type":"WebPage","@id":"https:\/\/www.maschinenethik.net\/?p=4533","url":"https:\/\/www.maschinenethik.net\/?p=4533","name":"Autonomes Fahren t\u00f6tet - maschinenethik.net","isPartOf":{"@id":"https:\/\/www.maschinenethik.net\/#website"},"primaryImageOfPage":{"@id":"https:\/\/www.maschinenethik.net\/?p=4533#primaryimage"},"image":{"@id":"https:\/\/www.maschinenethik.net\/?p=4533#primaryimage"},"thumbnailUrl":"https:\/\/maschinenethik.net\/wp-content\/uploads\/2018\/03\/Verbotsschild.png","datePublished":"2018-03-20T16:09:30+00:00","dateModified":"2018-03-21T15:50:06+00:00","author":{"@id":"https:\/\/www.maschinenethik.net\/#\/schema\/person\/8bb3eb6ac670c6232634a22d062cae95"},"breadcrumb":{"@id":"https:\/\/www.maschinenethik.net\/?p=4533#breadcrumb"},"inLanguage":"de","potentialAction":[{"@type":"ReadAction","target":["https:\/\/www.maschinenethik.net\/?p=4533"]}]},{"@type":"ImageObject","inLanguage":"de","@id":"https:\/\/www.maschinenethik.net\/?p=4533#primaryimage","url":"https:\/\/maschinenethik.net\/wp-content\/uploads\/2018\/03\/Verbotsschild.png","contentUrl":"https:\/\/maschinenethik.net\/wp-content\/uploads\/2018\/03\/Verbotsschild.png"},{"@type":"BreadcrumbList","@id":"https:\/\/www.maschinenethik.net\/?p=4533#breadcrumb","itemListElement":[{"@type":"ListItem","position":1,"name":"Startseite","item":"https:\/\/www.maschinenethik.net\/"},{"@type":"ListItem","position":2,"name":"Autonomes Fahren t\u00f6tet"}]},{"@type":"WebSite","@id":"https:\/\/www.maschinenethik.net\/#website","url":"https:\/\/www.maschinenethik.net\/","name":"maschinenethik.net","description":"VON OLIVER BENDEL","alternateName":"Maschinenethik","potentialAction":[{"@type":"SearchAction","target":{"@type":"EntryPoint","urlTemplate":"https:\/\/www.maschinenethik.net\/?s={search_term_string}"},"query-input":{"@type":"PropertyValueSpecification","valueRequired":true,"valueName":"search_term_string"}}],"inLanguage":"de"},{"@type":"Person","@id":"https:\/\/www.maschinenethik.net\/#\/schema\/person\/8bb3eb6ac670c6232634a22d062cae95","name":"bendelo","url":"https:\/\/www.maschinenethik.net\/?author=3"}]}},"_links":{"self":[{"href":"https:\/\/www.maschinenethik.net\/index.php?rest_route=\/wp\/v2\/posts\/4533","targetHints":{"allow":["GET"]}}],"collection":[{"href":"https:\/\/www.maschinenethik.net\/index.php?rest_route=\/wp\/v2\/posts"}],"about":[{"href":"https:\/\/www.maschinenethik.net\/index.php?rest_route=\/wp\/v2\/types\/post"}],"author":[{"embeddable":true,"href":"https:\/\/www.maschinenethik.net\/index.php?rest_route=\/wp\/v2\/users\/3"}],"replies":[{"embeddable":true,"href":"https:\/\/www.maschinenethik.net\/index.php?rest_route=%2Fwp%2Fv2%2Fcomments&post=4533"}],"version-history":[{"count":8,"href":"https:\/\/www.maschinenethik.net\/index.php?rest_route=\/wp\/v2\/posts\/4533\/revisions"}],"predecessor-version":[{"id":4543,"href":"https:\/\/www.maschinenethik.net\/index.php?rest_route=\/wp\/v2\/posts\/4533\/revisions\/4543"}],"wp:attachment":[{"href":"https:\/\/www.maschinenethik.net\/index.php?rest_route=%2Fwp%2Fv2%2Fmedia&parent=4533"}],"wp:term":[{"taxonomy":"category","embeddable":true,"href":"https:\/\/www.maschinenethik.net\/index.php?rest_route=%2Fwp%2Fv2%2Fcategories&post=4533"},{"taxonomy":"post_tag","embeddable":true,"href":"https:\/\/www.maschinenethik.net\/index.php?rest_route=%2Fwp%2Fv2%2Ftags&post=4533"}],"curies":[{"name":"wp","href":"https:\/\/api.w.org\/{rel}","templated":true}]}}